{"id":16,"count":6,"description":"Este espacio se plantea para aportar a la reflexi\u00f3n e intercambio, a fin de aportar a superar entre todas y todos esta terrible situaci\u00f3n que afecta a la humanidad toda. Un espacio de construcci\u00f3n grupal, de aprendizaje entre todxs.\r\nTambi\u00e9n es un modo de acercarnos y romper el aislamiento.\r\nComplementa el dosier Margen:  www.margen.org\/pandemia","link":"https:\/\/www.coopmargen.ar\/wp\/?cat=16","name":"La Intervenci\u00f3n en Lo Social en Tiempos de Pandemia","slug":"la-intervencion-en-lo-social-en-tiempos-de-pandemia","taxonomy":"category","parent":0,"meta":[],"_links":{"self":[{"href":"https:\/\/www.coopmargen.ar\/wp\/index.php?rest_route=\/wp\/v2\/categories\/16","targetHints":{"allow":["GET"]}}],"collection":[{"href":"https:\/\/www.coopmargen.ar\/wp\/index.php?rest_route=\/wp\/v2\/categories"}],"about":[{"href":"https:\/\/www.coopmargen.ar\/wp\/index.php?rest_route=\/wp\/v2\/taxonomies\/category"}],"wp:post_type":[{"href":"https:\/\/www.coopmargen.ar\/wp\/index.php?rest_route=%2Fwp%2Fv2%2Fposts&categories=16"}],"curies":[{"name":"wp","href":"https:\/\/api.w.org\/{rel}","templated":true}]}}