{"id":1973,"date":"2014-09-22T19:48:56","date_gmt":"2014-09-22T22:48:56","guid":{"rendered":"http:\/\/www.margen.org\/wp\/?p=1973"},"modified":"2022-05-05T10:17:39","modified_gmt":"2022-05-05T13:17:39","slug":"proyecto-de-ley-federal-de-trabajo-social","status":"publish","type":"post","link":"https:\/\/www.coopmargen.ar\/wp\/?p=1973","title":{"rendered":"Proyecto de Ley Federal de Trabajo Social"},"content":{"rendered":"<p><font face=\"Verdana, Arial\" SIZE=\"2pt\" color=\"#000000\"><u>Informe<\/u>: Colegio de Profesionales de Trabajo Social, 2\u00aa Circunscripci\u00f3n, Rosario, Santa Fe, Argentina<br \/>\nEl martes 23 de setiembre se presentar\u00e1 ante la Honorable C\u00e1mara de Diputados de la Naci\u00f3n, el Proyecto de Ley Federal de Trabajo Social cuyo objeto es promover la jerarquizaci\u00f3n de la profesi\u00f3n y establecer las competencias profesionales de Trabajo Social.<br \/>\n <!--more--><br \/>\nEs menester se\u00f1alar que la sanci\u00f3n de nuevas legislaciones sociales en materia de salud mental, salud sexual y reproductiva, educaci\u00f3n sexual integral, violencia de g\u00e9nero, ni\u00f1ez y adolescencia, trata de personas, entre otras, han influido en el colectivo profesional de los\/as Trabajadores\/as Sociales, por cuanto han implicado nuevas demandas de intervenci\u00f3n profesional, mayor cantidad de profesionales, nuevos campos ocupacionales y la necesidad de actualizaci\u00f3n y perfeccionamiento.<\/p>\n<p>En este marco es que se inscribe la necesidad de la jerarquizaci\u00f3n de la profesi\u00f3n, estableciendo la obligatoriedad de la formaci\u00f3n universitaria con el fin de proteger el inter\u00e9s de los ciudadanos, toda vez que las intervenciones profesionales implican un alto grado de responsabilidad social ya que pueden poner en riesgo de modo directo la vida y los derechos de la poblaci\u00f3n. Las problem\u00e1ticas actuales requieren respuestas r\u00e1pidas e integrales. <\/p>\n<p>Es por ello que el presente proyecto de Ley viene a garantizar las pol\u00edticas sociales, a profundizarlas y a concretar un viejo anhelo de los\/as Trabajadores\/as Sociales del pa\u00eds, el de contar con una ley federal que jerarquice la profesi\u00f3n mediante la formaci\u00f3n universitaria y establezca el marco general en lo que hace a competencias y condiciones para el ejercicio profesional en todo el territorio argentino. <\/font><\/p>\n","protected":false},"excerpt":{"rendered":"<p>Informe: Colegio de Profesionales de Trabajo Social, 2\u00aa Circunscripci\u00f3n, Rosario, Santa Fe, Argentina El martes 23 de setiembre se presentar\u00e1 ante la Honorable C\u00e1mara de Diputados de la Naci\u00f3n, el Proyecto de Ley Federal de Trabajo Social cuyo objeto es promover la jerarquizaci\u00f3n de la profesi\u00f3n y establecer las competencias profesionales de Trabajo Social.<\/p>\n","protected":false},"author":1,"featured_media":0,"comment_status":"open","ping_status":"closed","sticky":false,"template":"","format":"standard","meta":{"footnotes":""},"categories":[5,4],"tags":[],"class_list":["post-1973","post","type-post","status-publish","format-standard","hentry","category-comunicados","category-noticias"],"_links":{"self":[{"href":"https:\/\/www.coopmargen.ar\/wp\/index.php?rest_route=\/wp\/v2\/posts\/1973","targetHints":{"allow":["GET"]}}],"collection":[{"href":"https:\/\/www.coopmargen.ar\/wp\/index.php?rest_route=\/wp\/v2\/posts"}],"about":[{"href":"https:\/\/www.coopmargen.ar\/wp\/index.php?rest_route=\/wp\/v2\/types\/post"}],"author":[{"embeddable":true,"href":"https:\/\/www.coopmargen.ar\/wp\/index.php?rest_route=\/wp\/v2\/users\/1"}],"replies":[{"embeddable":true,"href":"https:\/\/www.coopmargen.ar\/wp\/index.php?rest_route=%2Fwp%2Fv2%2Fcomments&post=1973"}],"version-history":[{"count":1,"href":"https:\/\/www.coopmargen.ar\/wp\/index.php?rest_route=\/wp\/v2\/posts\/1973\/revisions"}],"predecessor-version":[{"id":1974,"href":"https:\/\/www.coopmargen.ar\/wp\/index.php?rest_route=\/wp\/v2\/posts\/1973\/revisions\/1974"}],"wp:attachment":[{"href":"https:\/\/www.coopmargen.ar\/wp\/index.php?rest_route=%2Fwp%2Fv2%2Fmedia&parent=1973"}],"wp:term":[{"taxonomy":"category","embeddable":true,"href":"https:\/\/www.coopmargen.ar\/wp\/index.php?rest_route=%2Fwp%2Fv2%2Fcategories&post=1973"},{"taxonomy":"post_tag","embeddable":true,"href":"https:\/\/www.coopmargen.ar\/wp\/index.php?rest_route=%2Fwp%2Fv2%2Ftags&post=1973"}],"curies":[{"name":"wp","href":"https:\/\/api.w.org\/{rel}","templated":true}]}}