{"id":2014,"date":"2014-12-10T10:25:28","date_gmt":"2014-12-10T13:25:28","guid":{"rendered":"http:\/\/www.margen.org\/wp\/?p=2014"},"modified":"2022-05-03T15:01:15","modified_gmt":"2022-05-03T18:01:15","slug":"reformas-conservadoras-a-leyes-amenazan-al-cooperativismo-de-america-latina","status":"publish","type":"post","link":"https:\/\/www.coopmargen.ar\/wp\/?p=2014","title":{"rendered":"Reformas conservadoras a leyes amenazan al cooperativismo de Am\u00e9rica Latina"},"content":{"rendered":"<p><font face=\"Verdana, Arial\" SIZE=\"2pt\" color=\"#000000\">El presidente de la Confederaci\u00f3n de Cooperativas del Caribe y Centro Am\u00e8rica, Germ\u00e1n Astul Mej\u00eda, denunci\u00f3 en Panam\u00e1, en el marco de la II Conferencia sobre Desaf\u00edos Estrat\u00e9gicos del Cooperativismo, que <i>\u201cen distintos pa\u00edses de la regi\u00f3n se est\u00e1 intentando modificar el marco jur\u00eddico para limitar y regular a las cooperativas con criterios financieros privados. Esta es la amenaza m\u00e1s frecuente en nuestra regi\u00f3n\u201d<\/i>.<br \/>\nEl dirigente hondure\u00f1o Astul Mej\u00eda, al profundizar el concepto, sostuvo que <i>\u201chace falta dar una respuesta integrada a la reformulaci\u00f3n conservadora y de criterios financistas  de las leyes que rigen el sector\u201d<\/i>.<br \/>\n<!--more--><br \/>\nEl presidente de la CCC-CA habl\u00f3 ante  los 189 delegados de once pa\u00edses en representaci\u00f3n de 50 cooperativas afiliadas a la mencionada confederaci\u00f3n, procedentes de Nicaragua, El Salvador, Curazao, Costa Rica, Ecuador, Panam\u00e1, Cuba, Paraguay, Puerto Rico y Rep\u00fablica Dominicana.<\/p>\n<p><i>&#8220;Contra el modelo cooperativo se observan propuestas de cambios  a los marcos jur\u00eddicos y regulatorios, por lo que debemos abordar esta problem\u00e1tica y analizar las medidas m\u00e1s convenientes  para afrontar situaciones adversas, sobre todo tomando como base la experiencia de cooperativas nacionales que han sufrido ya la experiencia&#8221;<\/i> afirm\u00f3 el dirigente centroamericano.<\/p>\n<p>Consider\u00f3 luego que<i> \u201cse debe adoptar una postura firme para prevenir la modificaci\u00f3n conservadora para regular las cooperativas en contradicci\u00f3n con los principios del car\u00e1cter social y colectivo de la propiedad de estas empresas\u201d.<\/i><\/p>\n<p>En el acto de apertura de la II Conferencia tambi\u00e9n habl\u00f3 el director ejecutivo del Instituto Paname\u00f1o Aut\u00f3nomo Cooperativo, pa\u00eds anfitri\u00f3n del evento que se desarroll\u00f3 en el Sal\u00f3n Republicano del Hotel El Panam\u00e1, de  la c\u00e9ntrica V\u00eda Espa\u00f1a.<br \/>\n Willie Chin Lee ofreci\u00f3 la bienvenida y dese\u00f3 que el encuentro sirva con  efectividad  al intercambio de experiencias y conocimientos para determinar las mejores acciones a tomar por el sector cooperativo en el futuro inmediato.<br \/>\n<i> &#8220;Las acciones que se acuerden aqu\u00ed deben ir dirigidas a consolidar  la integraci\u00f3n cooperativa a nivel regional manteniendo el esp\u00edritu solidario y democr\u00e1tico&#8221;<\/i>, afirm\u00f3 Chin Lee. Por su parte, la presidente del Comit\u00e9 Regional de Mujeres Cooperativistas, la dominicana Eufrasia Gomez Morillo,  resalt\u00f3 el nivel de violencia que afecta a las mujeres de la regi\u00f3n de acuerdo con las cifras que ofrecen las Naciones Unidas.<br \/>\n G\u00f3mez Morillo concluy\u00f3 expresando que<b><i> \u201cse impone al cooperativismo una acci\u00f3n educativa  preventiva frente a hombres y mujeres para terminar con los feminicidios\u201d<\/i><\/b>.<\/p>\n<p>Fuente: Prensa Cooperativa (Argentina)<\/font><\/p>\n","protected":false},"excerpt":{"rendered":"<p>El presidente de la Confederaci\u00f3n de Cooperativas del Caribe y Centro Am\u00e8rica, Germ\u00e1n Astul Mej\u00eda, denunci\u00f3 en Panam\u00e1, en el marco de la II Conferencia sobre Desaf\u00edos Estrat\u00e9gicos del Cooperativismo, que \u201cen distintos pa\u00edses de la regi\u00f3n se est\u00e1 intentando modificar el marco jur\u00eddico para limitar y regular a las cooperativas con criterios financieros privados. [&hellip;]<\/p>\n","protected":false},"author":1,"featured_media":0,"comment_status":"open","ping_status":"closed","sticky":false,"template":"","format":"standard","meta":{"footnotes":""},"categories":[2],"tags":[],"class_list":["post-2014","post","type-post","status-publish","format-standard","hentry","category-la-cuestion-social"],"_links":{"self":[{"href":"https:\/\/www.coopmargen.ar\/wp\/index.php?rest_route=\/wp\/v2\/posts\/2014","targetHints":{"allow":["GET"]}}],"collection":[{"href":"https:\/\/www.coopmargen.ar\/wp\/index.php?rest_route=\/wp\/v2\/posts"}],"about":[{"href":"https:\/\/www.coopmargen.ar\/wp\/index.php?rest_route=\/wp\/v2\/types\/post"}],"author":[{"embeddable":true,"href":"https:\/\/www.coopmargen.ar\/wp\/index.php?rest_route=\/wp\/v2\/users\/1"}],"replies":[{"embeddable":true,"href":"https:\/\/www.coopmargen.ar\/wp\/index.php?rest_route=%2Fwp%2Fv2%2Fcomments&post=2014"}],"version-history":[{"count":1,"href":"https:\/\/www.coopmargen.ar\/wp\/index.php?rest_route=\/wp\/v2\/posts\/2014\/revisions"}],"predecessor-version":[{"id":2015,"href":"https:\/\/www.coopmargen.ar\/wp\/index.php?rest_route=\/wp\/v2\/posts\/2014\/revisions\/2015"}],"wp:attachment":[{"href":"https:\/\/www.coopmargen.ar\/wp\/index.php?rest_route=%2Fwp%2Fv2%2Fmedia&parent=2014"}],"wp:term":[{"taxonomy":"category","embeddable":true,"href":"https:\/\/www.coopmargen.ar\/wp\/index.php?rest_route=%2Fwp%2Fv2%2Fcategories&post=2014"},{"taxonomy":"post_tag","embeddable":true,"href":"https:\/\/www.coopmargen.ar\/wp\/index.php?rest_route=%2Fwp%2Fv2%2Ftags&post=2014"}],"curies":[{"name":"wp","href":"https:\/\/api.w.org\/{rel}","templated":true}]}}