{"id":2020,"date":"2014-12-24T10:52:07","date_gmt":"2014-12-24T13:52:07","guid":{"rendered":"http:\/\/www.margen.org\/wp\/?p=2020"},"modified":"2022-05-03T14:59:59","modified_gmt":"2022-05-03T17:59:59","slug":"tiempo-de-violencia-editorial-revista-margen-n-75","status":"publish","type":"post","link":"https:\/\/www.coopmargen.ar\/wp\/?p=2020","title":{"rendered":"Tiempo de violencia &#8211; Editorial Revista Margen N\u00b0 75"},"content":{"rendered":"<p><font face=\"Verdana, Arial\" SIZE=\"2pt\" color=\"#000000\">Los movimientos migratorios son parte de la historia de la humanidad. Sin hacer un relato hist\u00f3rico, podemos se\u00f1alar que las oleadas migratorias se han producido ante condiciones desiguales de recursos y oportunidades entre dos espacios, como por ejemplo las ciudades neol\u00edticas agrarias y los pueblos de cazadores n\u00f3madas abrumados por el aumento de la poblaci\u00f3n y la escasez de alimento.<br \/>\n<br \/>Otro ejemplo de oleadas migratorias lo encontramos en la Roma imperial. Los pueblos germanos cruzaban las fronteras y se establec\u00edan en las m\u00e1rgenes del Imperio huyendo de la violencia y el hambre. Al paso de los a\u00f1os se integraban al sistema, en muchos casos en el ej\u00e9rcito romano defendiendo las fronteras de nuevas incursiones de pueblos vecinos.<br \/>\n<br \/>A partir de su integraci\u00f3n al ej\u00e9rcito, los descendientes de migrantes llegaron a ocupar altos cargos e incluso llegaron a ser emperadores. Este proceso se extendi\u00f3 durante varios siglos, pero al fin produjo la ca\u00edda del Imperio Romano y el inicio de un nuevo modelo pol\u00edtico y econ\u00f3mico.<br \/>\n<br \/>Las migraciones tambi\u00e9n son parte de la historia americana, pero desde hace algunas d\u00e9cadas la frontera entre M\u00e9xico y Estados Unidos de Norteam\u00e9rica ha sido escenario de un aumento creciente de tr\u00e1fico de personas, violencia y corrupci\u00f3n.<br \/>\n<!--more--><br \/>\nLa imposici\u00f3n del modelo capitalista en nuestro continente aument\u00f3 las desigualdades, la expoliaci\u00f3n de los recursos naturales, la falta de infraestructura productiva y de servicios, el acceso a los sistemas de salud y educaci\u00f3n, etc. En correspondencia, se institucionaliz\u00f3 la corrupci\u00f3n que se extiende entre funcionarios p\u00fablicos, \u00f3rganos de gobierno, fuerzas policiales y ej\u00e9rcitos, relacion\u00e1ndose en forma \u00edntima con bandas o grupos, tanto parapoliciales como independientes o parte del crimen organizado, el narcotr\u00e1fico, etc.<\/p>\n<p>Miles de mexicanos intentan cruzar la frontera para alcanzar el &#8220;sue\u00f1o americano&#8221;. Y miles de migrantes centroamericanos atraviesan M\u00e9xico escapando de la pobreza y la violencia, tratando a su vez de ingresar a Estados Unidos. <br \/>Deben enfrentar las dur\u00edsimas condiciones del viaje (mayoritariamente realizado sobre el techo de los vagones de ferrocarril de carga). En el derrotero son v\u00edctimas de estafas, asaltos, violencia de los controles estatales, entre otras pesadillas. <\/p>\n<p>Durante el gobierno del Presidente Felipe Calder\u00f3n (2006-2012), se registraron m\u00e1s de 10.000 desapariciones de migrantes s\u00f3lo en M\u00e9xico. Este a\u00f1o se alert\u00f3 en Estados Unidos acerca de la convocatoria p\u00fablica realizada por varios grupos paramilitares para reclutar voluntarios con el fin de \u201cproteger la frontera\u201d, especialmente por la oleada de ni\u00f1os migrantes sin compa\u00f1\u00eda adulta verificada en el Estado de Texas. Sin embargo, los movimientos migratorios contin\u00faan creciendo.<br \/>\nLos controles en la frontera y la pol\u00edtica antimigrante del gobierno estadounidense, sumado al rol de gendarme de M\u00e9xico, impiden el paso de migrantes centroamericanos a Estados Unidos. Muchos deben asentarse en M\u00e9xico. Llegan desde Guatemala, Honduras, Salvador y Nicaragua. <\/p>\n<p>En otros pa\u00edses, los movimientos migratorios son internos. Se producen entre las zonas rurales y las ciudades, en las que han crecido en forma notable los asentamientos, barriadas pobres en las que faltan los servicios m\u00e1s elementales (agua, cloacas, luz, etc.). El origen de estas migraciones se encuentra en el desarrollo de sistemas de monoproducci\u00f3n (en latifundios), como el caso de la extensi\u00f3n de la superficie sembrada con soja transg\u00e9nica en Argentina, Uruguay, Brasil.<\/p>\n<p>La violencia y la corrupci\u00f3n son los signos de la \u00e9poca, lo que puede revelar tambi\u00e9n que estamos frente al fin del sistema neoliberal capitalista. Los excluidos se movilizan en todo el mundo. Buscan mejores condiciones de vida. <\/p>\n<p>Y esa b\u00fasqueda debe encontrar a quienes intervienen ante situaciones de injusticia, de pie y dispuestos a actuar y luchar en forma solidaria a favor de los Derechos Humanos.<\/p>\n<p>Equipo Margen, diciembre de 2014<\/font><\/p>\n","protected":false},"excerpt":{"rendered":"<p>Los movimientos migratorios son parte de la historia de la humanidad. Sin hacer un relato hist\u00f3rico, podemos se\u00f1alar que las oleadas migratorias se han producido ante condiciones desiguales de recursos y oportunidades entre dos espacios, como por ejemplo las ciudades neol\u00edticas agrarias y los pueblos de cazadores n\u00f3madas abrumados por el aumento de la poblaci\u00f3n [&hellip;]<\/p>\n","protected":false},"author":1,"featured_media":0,"comment_status":"open","ping_status":"closed","sticky":false,"template":"","format":"standard","meta":{"footnotes":""},"categories":[2],"tags":[],"class_list":["post-2020","post","type-post","status-publish","format-standard","hentry","category-la-cuestion-social"],"_links":{"self":[{"href":"https:\/\/www.coopmargen.ar\/wp\/index.php?rest_route=\/wp\/v2\/posts\/2020","targetHints":{"allow":["GET"]}}],"collection":[{"href":"https:\/\/www.coopmargen.ar\/wp\/index.php?rest_route=\/wp\/v2\/posts"}],"about":[{"href":"https:\/\/www.coopmargen.ar\/wp\/index.php?rest_route=\/wp\/v2\/types\/post"}],"author":[{"embeddable":true,"href":"https:\/\/www.coopmargen.ar\/wp\/index.php?rest_route=\/wp\/v2\/users\/1"}],"replies":[{"embeddable":true,"href":"https:\/\/www.coopmargen.ar\/wp\/index.php?rest_route=%2Fwp%2Fv2%2Fcomments&post=2020"}],"version-history":[{"count":1,"href":"https:\/\/www.coopmargen.ar\/wp\/index.php?rest_route=\/wp\/v2\/posts\/2020\/revisions"}],"predecessor-version":[{"id":2021,"href":"https:\/\/www.coopmargen.ar\/wp\/index.php?rest_route=\/wp\/v2\/posts\/2020\/revisions\/2021"}],"wp:attachment":[{"href":"https:\/\/www.coopmargen.ar\/wp\/index.php?rest_route=%2Fwp%2Fv2%2Fmedia&parent=2020"}],"wp:term":[{"taxonomy":"category","embeddable":true,"href":"https:\/\/www.coopmargen.ar\/wp\/index.php?rest_route=%2Fwp%2Fv2%2Fcategories&post=2020"},{"taxonomy":"post_tag","embeddable":true,"href":"https:\/\/www.coopmargen.ar\/wp\/index.php?rest_route=%2Fwp%2Fv2%2Ftags&post=2020"}],"curies":[{"name":"wp","href":"https:\/\/api.w.org\/{rel}","templated":true}]}}