{"id":2109,"date":"2015-10-06T17:10:15","date_gmt":"2015-10-06T20:10:15","guid":{"rendered":"http:\/\/www.margen.org\/wp\/?p=2109"},"modified":"2022-05-03T14:55:05","modified_gmt":"2022-05-03T17:55:05","slug":"convocatoria-por-el-dia-mundial-de-la-salud-mental","status":"publish","type":"post","link":"https:\/\/www.coopmargen.ar\/wp\/?p=2109","title":{"rendered":"Convocatoria por el D\u00eda Mundial de la Salud Mental"},"content":{"rendered":"<p><font face=\"Verdana, Arial\" SIZE=\"2pt\" color=\"#000000\">\u201cDel DICHO al HECHO: \u00bfqu\u00e9 pasa con NUESTROS DERECHOS?\u201d *<br \/>\n<b>JORNADA CULTURAL Y DE LUCHA<\/b><br \/>\n9 de octubre &#8211; 17:00 a 20:00 en la Plaza Montenegro de la ciudad de Rosario, provincia de Santa Fe, Argentina.<\/p>\n<p>El 10 de octubre es el D\u00eda Mundial de la Salud Mental, por eso nos juntamos un grupo de usuarixs, estudiantes, trabajadorxs, activistas, organizaciones sindicales y de la sociedad civil para reclamar por la implementaci\u00f3n de una pol\u00edtica en salud mental coherente con lo que establece, desde hace 24 a\u00f1os, la Ley Provincial de Salud Mental y, hace casi 5 a\u00f1os, la Ley Nacional de Salud Mental.<br \/>\nEstas leyes plantean el reemplazo del viejo paradigma que excluye y encierra a las personas con padecimiento mental en los manicomios, que cree que son incurables, peligrosas y las discrimina; por otro centrado en la posibilidad de que todos\/as podamos convivir en comunidad, ejercer nuestros derechos y desarrollar nuestros proyectos de vida. Cambio que implica, por un lado, la transformaci\u00f3n de las pol\u00edticas, de las instituciones y pr\u00e1cticas en salud mental y, por otro lado, un cambio social y cultural, a partir de la construcci\u00f3n de una sociedad justa e igualitaria.<br \/>\n <!--more--><br \/>\nDesmanicomializar no es humanizar o \u201cadecuar\u201d los manicomios a la Ley; es CERRAR los manicomios, creando nuevas formas de tratar y acompa\u00f1ar en la comunidad teniendo como centro el respeto a los derechos humanos. Y esto debe hacerse junto a usuarixs, trabajadores y comunidad en general, respetando sus derechos, porque sabemos que sin condiciones dignas de asistencia, tampoco hay condiciones dignas de trabajo, y viceversa.<br \/>\nDesde la sanci\u00f3n de las leyes hasta ahora, notamos alg\u00fan avance en la organizaci\u00f3n y consolidaci\u00f3n de diversos espacios, desde lxs usuarixs, las luchas de los trabajadores\/as hasta organizaciones de la sociedad civil que se interesan por este asunto. Esta movilizaci\u00f3n ha construido una serie de reclamos que a\u00fan est\u00e1n pendientes, y que las autoridades responsables de las pol\u00edticas de salud mental no s\u00f3lo se niegan a escuchar, sino que poco han hecho para pasar del \u201cdicho al hecho\u201d.<\/p>\n<p><b>Algunos de nuestros reclamos son:<\/b><br \/>\n<i>&#8211; Plan de salud mental provincial para sustituci\u00f3n y cierre de los manicomios para el a\u00f1o 2020.<br \/>\n&#8211; Conformaci\u00f3n del \u00d3rgano de Revisi\u00f3n provincial, con participaci\u00f3n obligatoria de usuarixs y organismos de DDHH, independiente y aut\u00f3nomo del Estado, para controlar el cumplimiento de la ley y denunciar las violaciones de derechos humanos.<br \/>\n&#8211; Condiciones de asistencia y de trabajo dignas.<br \/>\n&#8211; Acceso a vivienda, educaci\u00f3n, salud y trabajo dignos.<br \/>\n&#8211; Medidas urgentes para que se respeten YA los derechos de usuarixs internados, no queremos m\u00e1s muertes por la exclusi\u00f3n y la l\u00f3gica manicomial.<br \/>\n&#8211; Exigimos ser parte de la construcci\u00f3n de las respuestas a estos reclamos.<br \/>\nPor esto invitamos a todxs, a seguir construyendo este espacio de participaci\u00f3n, de reivindicaci\u00f3n y problematizaci\u00f3n en las calles sobre la situaci\u00f3n de la Salud Mental en nuestra provincia.<\/i><\/p>\n<p><i>\u201cDel DICHO al HECHO: \u00bfqu\u00e9 pasa con NUESTROS DERECHOS?\u201d*<br \/>\n* Agradecemos a lxs compa\u00f1erxs de Marcha por el Derecho a la Salud Mental de C\u00f3rdoba que gentilmente han cedido la consigna para que la compartamos.<\/i><\/p>\n<p><u>Organizan<\/u>:<br \/>\n&#8211; Asamblea de usuarios\/as de salud mental por sus derechos &#8211; Rosario<br \/>\n&#8211; Programa de Radio \u201cCaramelos Surtidos\u201d FM La Hormiga 104.3 mhz.<br \/>\n&#8211; Programa de Radio Tardes Nuestras FM Aire Libre 91.3 mhz.<br \/>\n&#8211; Centro de Producci\u00f3n e Intercambio Pomelo Enelpatio<br \/>\n&#8211; Centro Cultural El Gomecito Cultura<br \/>\n&#8211; El Puente Artesalud\u201d<br \/>\n&#8211; Biblioteca Pocho Lepratti<br \/>\n&#8211; Centro de D\u00eda y Centro Educativo Terap\u00e9utico Abriendo Caminoss\u201d<br \/>\n&#8211; ATE Salud Mental<br \/>\n<\/font><\/p>\n","protected":false},"excerpt":{"rendered":"<p>\u201cDel DICHO al HECHO: \u00bfqu\u00e9 pasa con NUESTROS DERECHOS?\u201d * JORNADA CULTURAL Y DE LUCHA 9 de octubre &#8211; 17:00 a 20:00 en la Plaza Montenegro de la ciudad de Rosario, provincia de Santa Fe, Argentina. El 10 de octubre es el D\u00eda Mundial de la Salud Mental, por eso nos juntamos un grupo de [&hellip;]<\/p>\n","protected":false},"author":1,"featured_media":0,"comment_status":"open","ping_status":"closed","sticky":false,"template":"","format":"standard","meta":{"footnotes":""},"categories":[1],"tags":[],"class_list":["post-2109","post","type-post","status-publish","format-standard","hentry","category-info-actividad"],"_links":{"self":[{"href":"https:\/\/www.coopmargen.ar\/wp\/index.php?rest_route=\/wp\/v2\/posts\/2109","targetHints":{"allow":["GET"]}}],"collection":[{"href":"https:\/\/www.coopmargen.ar\/wp\/index.php?rest_route=\/wp\/v2\/posts"}],"about":[{"href":"https:\/\/www.coopmargen.ar\/wp\/index.php?rest_route=\/wp\/v2\/types\/post"}],"author":[{"embeddable":true,"href":"https:\/\/www.coopmargen.ar\/wp\/index.php?rest_route=\/wp\/v2\/users\/1"}],"replies":[{"embeddable":true,"href":"https:\/\/www.coopmargen.ar\/wp\/index.php?rest_route=%2Fwp%2Fv2%2Fcomments&post=2109"}],"version-history":[{"count":1,"href":"https:\/\/www.coopmargen.ar\/wp\/index.php?rest_route=\/wp\/v2\/posts\/2109\/revisions"}],"predecessor-version":[{"id":2110,"href":"https:\/\/www.coopmargen.ar\/wp\/index.php?rest_route=\/wp\/v2\/posts\/2109\/revisions\/2110"}],"wp:attachment":[{"href":"https:\/\/www.coopmargen.ar\/wp\/index.php?rest_route=%2Fwp%2Fv2%2Fmedia&parent=2109"}],"wp:term":[{"taxonomy":"category","embeddable":true,"href":"https:\/\/www.coopmargen.ar\/wp\/index.php?rest_route=%2Fwp%2Fv2%2Fcategories&post=2109"},{"taxonomy":"post_tag","embeddable":true,"href":"https:\/\/www.coopmargen.ar\/wp\/index.php?rest_route=%2Fwp%2Fv2%2Ftags&post=2109"}],"curies":[{"name":"wp","href":"https:\/\/api.w.org\/{rel}","templated":true}]}}