{"id":2311,"date":"2016-04-01T20:12:31","date_gmt":"2016-04-01T23:12:31","guid":{"rendered":"http:\/\/www.margen.org\/wp\/?p=2311"},"modified":"2022-05-03T14:51:32","modified_gmt":"2022-05-03T17:51:32","slug":"nueva-ofensiva-contra-los-trabajadores-organizados-de-la-toma-en-rosario","status":"publish","type":"post","link":"https:\/\/www.coopmargen.ar\/wp\/?p=2311","title":{"rendered":"Nueva ofensiva contra los trabajadores organizados de La Toma en Rosario"},"content":{"rendered":"<p><font face=\"Verdana, Arial\" SIZE=\"2pt\" color=\"#000000\">La informaci\u00f3n da cuenta de la inspecci\u00f3n que realiz\u00f3 el 31 de marzo de 2016 el juez  Marcelo Quaglia al edificio conocido popularmente como \u201cLa Toma\u201d, para acreditar la presencia de las instituciones que trabajan o funcionan en ese espacio recuperado luego de la quiebra del supermercado Tigre en 2001.<br \/>\n<\/br><br \/>A pesar de sendas leyes sancionadas oportunamente por la Legislatura provincial para expropiar el predio (2004 y 2009), el juez debe fallar ahora ante una nueva presentaci\u00f3n planteada por la sindicatura de la quiebra, cuyos miembros acusan a los trabajadores de \u201cusurpadores\u201d. Durante su visita, Quaglia pudo conocer a fondo a los miembros de cada espacio (m\u00e1s de 30 organizaciones populares tienen sede permanente) que desarrollan sus actividades productivas y culturales en el edificio recuperado.<br \/>\n<\/br><br \/>Adem\u00e1s del Centro Cultural creado en 2001, en La Toma funciona un Comedor Universitario, la galer\u00eda de arte de la facultad de Humanidades (UNR),el  Instituto de G\u00e9nero, Derecho y Desarrollo (Insgenar),Grupos de Estudio de la Universidad Nacional de Rosario, as\u00ed como diversos talleres. Alberga a varias cooperativas de producci\u00f3n (alimentos, agendas, artesan\u00edas), el mercado popular (Confederaci\u00f3n de Trabajadores de la Econom\u00eda Popular), un teatro, biblioteca popular y comercios populares como carnicer\u00eda, librer\u00eda, bar, peluquer\u00eda, etc.<br \/>\nDesarrollan actividades los centros  municipales de econom\u00eda social,  la asociaci\u00f3n de actores, el Sindicato de Guardavidas, la CTA de los trabajadores, la Confederaci\u00f3n de Trabajadores de la Econom\u00eda Popular (Ctep); la Mutual de Psic\u00f3logos, el Centro Aprender a Vivir Mejor y organizaciones de derechos humanos como la APDH, Familiares y el Espacio Juicio y Castigo.<br \/>\n<\/br><br \/>Tambi\u00e9n utilizan el lugar organizaciones solidarias, como el Movimiento de Acci\u00f3n Solidaria (MAS).\n  <\/p>\n<p> <!--more-->\n<\/p>\n<table width=\"220\" align=\"right\" cellpadding=\"2\" cellspacing=\"2\" border=\"0\">\n<tr>\n<td>\n<table width=\"200\" cellpadding=\"2\" cellspacing=\"2\" border=\"0\">\n<tr>\n<td align=\"center\"><img decoding=\"async\" src=\"http:\/\/www.margen.org\/docs\/latoma\/reunion_previa.jpg\" alt=\"Juez Quaglia se re\u00fane con los trabajadores de La Toma\" \/><\/td>\n<\/tr>\n<tr>\n<td><font face=\"Arial, Verdana\" SIZE=\"1pt\" color=\"#000000\"><\/font><i><b>El Juez Quaglia se re\u00fane con los trabajadores de La Toma<\/b><\/i><\/font><\/td>\n<\/tr>\n<\/table>\n<\/td>\n<\/tr>\n<\/table>\n<p>El juez Marcelo Quaglia, cargo del juzgado Civil y Comercial N\u00ba 14 de Rosario, se constituy\u00f3 en el predio que ocupa la Cooperativa de Trabajadores Solidarios en Lucha, para constatar \u201cla utilidad y funci\u00f3n social\u201d que se le da a las instalaciones donde funcion\u00f3 el hipermercado Tigre hasta su cierre en 2001. Mientras el juez hablaba con integrantes de cada espacio, su secretaria registraba cada detalle, explicando que <i>\u201cla idea es constatar todo lo que ustedes informaron  en el expediente&#8230; que cada una de las entidades que vamos a controlar est\u00e9 efectivamente&#8230;\u201d<\/i>.\n<\/p>\n<p>Juan Lewis, abogado de los trabajadores, explic\u00f3 que la visita el Juez se deb\u00eda a una presentaci\u00f3n realizada por la Cooperativa con el fin de que se acreditara la presencia de las instituciones que trabajan o funcionan en \u201cLa Toma\u201d.<br \/>\n<\/br>Lewis se\u00f1al\u00f3: <i>\u201cpedimos un par de medidas, entre ellas una inspecci\u00f3n judicial y la prueba de informes a algunas entidades p\u00fablicas para acreditar qu\u00e9 se est\u00e1 haciendo ac\u00e1 adentro, entre ellas la Municipalidad y la Universidad de Rosario\u201d<\/i>.\n<\/p>\n<p><\/br><\/p>\n<table width=\"220\" align=\"left\" cellpadding=\"2\" cellspacing=\"2\" border=\"0\">\n<tr>\n<td>\n<table width=\"200\" cellpadding=\"2\" cellspacing=\"2\" border=\"0\">\n<tr>\n<td align=\"center\"><img decoding=\"async\" src=\"http:\/\/www.margen.org\/docs\/latoma\/ghioldi.png\" alt=\"Carlos Ghioldi, presidente de la Cooperativa de Trabajadores Solidarios en Lucha\" \/><\/td>\n<\/tr>\n<tr>\n<td><font face=\"Arial, Verdana\" SIZE=\"1pt\" color=\"#000000\"><\/font><i><b>Carlos Ghioldi, presidente de la Cooperativa de Trabajadores Solidarios en Lucha<\/b><\/i><\/font><\/td>\n<\/tr>\n<\/table>\n<\/td>\n<\/tr>\n<\/table>\n<p>Por su parte, Carlos Ghioldi, Presidente de la Cooperativa  de Trabajadores Solidarios en Lucha, explic\u00f3 la posici\u00f3n de los trabajadores afirmando que <i>\u201c&#8230;nosotros, trabajadores que hace 15 a\u00f1os luchamos por los puestos de trabajo, poniendo al establecimiento al servicio de la comunidad, de los sectores populares, recibimos por primera vez la visita de un juez que se acerca al lugar a hacer un relevamiento. Nosotros le pusimos un nombre, se trata de una especie de inventario social de lo que los trabajadores organizados hemos construido a lo largo de estos 15 a\u00f1os. Para ello contamos con la solidaridad de la poblaci\u00f3n, con el acompa\u00f1amiento de los sectores populares.<br \/>\n<\/br>Mientras que algunos creen que los papeles y la especulaci\u00f3n transforman a los lugares en chatarra que puede ser ejecutada, nosotros los trabajadores nos dedicamos a trabajar para encontrar soluciones al problema de mantener el trabajo de cada uno de nosotros y a la vez pensando en nuestros compa\u00f1eros que necesitaban, en los sectores populares que necesitaban organizarse. Por eso es que el lugar nunca fue una recuperaci\u00f3n de una empresa. Siempre fue un establecimiento puesto a funcionar en manos obreras, es decir con un criterio distinto, no con la voracidad de lucro y la b\u00fasqueda de rentabilidad que caracteriza a los empresarios, sino anteponiendo la solidaridad, valores que tienen que ver con lo colectivo, con compartir y ayudarnos entre los sectores populares.<br \/>\n<\/br>Por eso lo que el juez hace es constatar c\u00f3mo a lo largo de estos 15 a\u00f1os, treinta organizaciones populares, instituciones como la Universidad o el \u00c1rea de Econom\u00eda Social de la Municipalidad de Rosario, han desarrollado un espacio de producci\u00f3n, de solidaridad, de divulgaci\u00f3n de ideas, de cultura, mientras otros creen que este es un lugar que debe servir s\u00f3lo para especular\u201d<\/i>.\n<\/p>\n<p><\/br>Consultado acerca de las razones que motivaron esta nueva presentaci\u00f3n judicial para lograr el desalojo, Ghioldi respondi\u00f3 que se trata de <i>\u201c&#8230;una cuesti\u00f3n que tiene que ver con la raz\u00f3n especulativa propia de sectores que compran hipotecas de remates por dos pesitos y se creen que pueden hacer r\u00e1pidamente un negocio. Habr\u00e1 sectores que habr\u00e1n cre\u00eddo que hoy se abre un tiempo m\u00e1s favorable para una suerte de revancha contra conquistas que se han logrado con la lucha de los trabajadores.<br \/>\nPero se han equivocado profundamente. Despu\u00e9s de 15 a\u00f1os de lucha, si nos sostuvimos fue por la inmensa solidaridad de la poblaci\u00f3n. Esto significa una inmensa responsabilidad  para nosotros. Ni aunque quisi\u00e9ramos, podr\u00edamos desertar de este puesto de lucha que hemos construido. Ni aunque estuvi\u00e9ramos cansados, ya no podemos irnos de ac\u00e1. Que no le quepa la menor duda, que nadie piense que los trabajadores nos vamos a ir de este lugar. De ac\u00e1 no nos moveremos. Y es una obligaci\u00f3n asumida con el conjunto de la poblaci\u00f3n que nos apoy\u00f3\u201d<\/i>.\n<\/p>\n<p>En relaci\u00f3n al argumento presentado por la Sindicatura de la quiebra para lograr el desalojo de los trabajadores y sus posibles consecuencias, Juan Lewis se\u00f1al\u00f3 que<i> \u201cEn este momento esta medida se ubica dentro de un concurso especial, que intenta rematar este inmueble, y para esos fines lo que se pretende  es que se lo pueda llevar a remate. Por eso mismo peligran todas las actividades que se realizan en este espacio. Lo que no estaba acreditado, a pesar de que es muy conocido por la comunidad rosarina, es la funci\u00f3n social y las tareas de utilidad p\u00fablica que se despliegan en este espacio. Entonces, cuando comparece la Cooperativa por primera vez en este expediente, lo que plantea es justamente esto. Y esta medida fue aceptada por el Juzgado y se encuentra relevando todas las actividades que se desarrollan en este \u00e1mbito. Nosotros entendemos que cualquiera sea la resoluci\u00f3n que se tome al respecto de este inmueble, tiene que contemplar necesariamente esta utilidad p\u00fablica que se est\u00e1 desplegando\u201d<\/i>.<\/p>\n<p><\/br><br \/>\n<strong>HISTORIA DE LUCHA<\/strong>\n<\/p>\n<p>Los trabajadores de la Cooperativa de Trabajadores Solidarios en Lucha son los pioneros que marcaron el camino de la acci\u00f3n a favor de la utilizaci\u00f3n social y solidaria del establecimiento recuperado en 2001.\n<\/p>\n<p>El proceso se extendi\u00f3 durante varios a\u00f1os (por lo menos desde 1998), a partir de un proceso de vaciamiento empresario. Luego de funcionar en forma ilegal en un marco de quiebra declarada, sobrevino el cierre definitivo en julio de 2001. A partir de ese momento los trabajadores del ex supermercado Tigre decidieron hacerse cargo del establecimiento despu\u00e9s de varios meses sin que se efectivizaran salarios o aportes, con el objetivo de mantener la fuente de trabajo y resistir la profunda crisis que atravesaba la Argentina.\n<\/p>\n<p>Como histori\u00f3 Javier I. Echaide (En \u201cLa recuperaci\u00f3n de empresas y su relaci\u00f3n como estrategia de clase\u201d), <i>\u201cOtro caso notorio de este tipo de manejos de la gerencia es el caso de Supermercados Tigre, en la ciudad de Rosario. Lleg\u00f3 a tener 14 locales y m\u00e1s de 1.000 empleados hasta 1997. El monto total facturado la llev\u00f3 a ser incluida dentro de las 500 primeras empresas en facturaci\u00f3n del pa\u00eds. Muchas de las sucursales mencionadas fueron adquiridas por concesi\u00f3n de los locales Supercoop de la Cooperativa El Hogar Obrero Ltda., con aval judicial dado que dicha cooperativa se hallaba en proceso de quiebra. El 28 de diciembre de 1998, Supermercados Tigre se presenta en concurso preventivo de acreedores. Ese d\u00eda se inicia un proceso de vaciamiento de la empresa que la llevar\u00e1 definitivamente a la quiebra. En julio de 2001, y ante el vaciamiento generalizado de la empresa, los empleados de la sucursal Centro de Supermercados Tigre ocuparon sus instalaciones. Para esa altura ya se hab\u00edan trasladado muebles, maquinarias, mercader\u00eda, veh\u00edculos, y dem\u00e1s a otras empresas de<br \/>\nlos mismos due\u00f1os, los que adeudaban ya seis meses de salarios, dos a\u00f1os de aportes previsionales y hab\u00edan efectuado despidos en gran escala\u201d.<\/i><\/p>\n<p>El siguiente paso, una vez tomada la decisi\u00f3n de ocupar el predio y defender la fuente de trabajo, fue la fundaci\u00f3n del Centro Cultural La Toma. En su fundamentaci\u00f3n se afirma:\n<\/p>\n<blockquote><p><i>\u201cDesde el momento en que los trabajadores del Supermercado Tigre ocuparon las instalaciones del establecimiento de calle Tucum\u00e1n 1349 de Rosario, luego de un largo proceso de vaciamiento empresario a mediados de 2001, la primera preocupaci\u00f3n que pudo expresarse ha sido la de -rescatando las tradiciones de los pioneros de la organizaci\u00f3n del movimiento obrero- buscar construir un espacio para propiciar la elevaci\u00f3n cultural de la clase trabajadora.<br \/>\nEl Centro Cultural de La Toma surge de ese proceso de lucha por los puestos de trabajo.<br \/>\nPropiciar ediciones de autores y compa\u00f1eros que se interesen por difundir y hacer conocer aspectos del pensamiento y las experiencias del movimiento obrero es parte de la tarea que se llevan adelante junto con el acompa\u00f1amiento solidario de las luchas y los reclamos obreros y populares\u201d.<\/i><\/p><\/blockquote>\n<p><\/br><br \/>\n<strong>MOVILIZACI\u00d3N ACTIVA<\/strong>\n<\/p>\n<p>Desde el mes de febrero, cuando se conoci\u00f3 el pedido de desalojo, se han realizado numerosos actos, asambleas y marchas en apoyo a los trabajadores y militantes populares y contra el desalojo de La Toma.<br \/>\nComo otras tantas veces desde el a\u00f1o 2001, cientos de personas unieron sus voces a las expresiones de las organizaciones sociales, organismos defensores de los Derechos Humanos, partidos y agrupaciones pol\u00edticas, docentes y estudiantes, miembros de las empresas de la econom\u00eda social y vecinos, para reafirmar la voluntad de sumarse a la defensa de esta experiencia de lucha y solidaridad.\n<\/p>\n<p><img decoding=\"async\" src=\"http:\/\/www.margen.org\/docs\/latoma\/movilizacion.jpg\" alt=\"Movilizaci\u00f3n en defensa de La Toma\" \/><\/p>\n<p><\/br><br \/>\n<strong>Galer\u00eda de im\u00e1genes. Digitar sobre cada fotograf\u00eda para ampliar (abren en una nueva p\u00e1gina)<\/strong>\n<\/p>\n<p><\/br><\/p>\n<table with=\"690\" cellpadding=\"4\" cellspacing=\"0\" border=\"1\">\n<tr>\n<td width=\"230\" align=\"center\" valign=\"top\"><figure id=\"attachment_2332\" aria-describedby=\"caption-attachment-2332\" style=\"width: 210px\" class=\"wp-caption alignnone\"><a href=\"http:\/\/www.margen.org\/wp\/wp-content\/uploads\/2016\/04\/01_La-Toma.jpg\" rel=\"attachment wp-att-2332 noopener\" target=\"_blank\"><img loading=\"lazy\" decoding=\"async\" src=\"http:\/\/www.margen.org\/wp\/wp-content\/uploads\/2016\/04\/01_La-Toma-300x200.jpg\" alt=\"Frente de La Toma\" width=\"210\" height=\"200\" class=\"size-medium wp-image-2332\" \/><\/a><figcaption id=\"caption-attachment-2332\" class=\"wp-caption-text\">Frente de La Toma<\/figcaption><\/figure><\/td>\n<td width=\"230\" align=\"center\" valign=\"top\"><figure id=\"attachment_2333\" aria-describedby=\"caption-attachment-2333\" style=\"width: 169px\" class=\"wp-caption alignnone\"><a href=\"http:\/\/www.margen.org\/wp\/wp-content\/uploads\/2016\/04\/02_reunion_previa.jpg\" rel=\"attachment wp-att-2333 noopener\" target=\"_blank\"><img loading=\"lazy\" decoding=\"async\" src=\"http:\/\/www.margen.org\/wp\/wp-content\/uploads\/2016\/04\/02_reunion_previa-169x300.jpg\" alt=\"El Juez Quaglia reunido en la Toma con los trabajadores populares y los miembros de la Sindicatura de la Quiebra. 31\/03\/2016\" width=\"169\" height=\"300\" class=\"size-medium wp-image-2333\" srcset=\"https:\/\/www.coopmargen.ar\/wp\/wp-content\/uploads\/2016\/04\/02_reunion_previa-169x300.jpg 169w, https:\/\/www.coopmargen.ar\/wp\/wp-content\/uploads\/2016\/04\/02_reunion_previa-576x1024.jpg 576w, https:\/\/www.coopmargen.ar\/wp\/wp-content\/uploads\/2016\/04\/02_reunion_previa.jpg 680w\" sizes=\"auto, (max-width: 169px) 100vw, 169px\" \/><\/a><figcaption id=\"caption-attachment-2333\" class=\"wp-caption-text\">El Juez Quaglia reunido en la Toma con los trabajadores populares y los miembros de la Sindicatura de la Quiebra. 31\/03\/2016<\/figcaption><\/figure><\/td>\n<td width=\"230\" align=\"center\" valign=\"top\"><figure id=\"attachment_2334\" aria-describedby=\"caption-attachment-2334\" style=\"width: 169px\" class=\"wp-caption alignnone\"><a href=\"http:\/\/www.margen.org\/wp\/wp-content\/uploads\/2016\/04\/03_juez_atento.jpg\" rel=\"attachment wp-att-2334 noopener\" target=\"_blank\"><img loading=\"lazy\" decoding=\"async\" src=\"http:\/\/www.margen.org\/wp\/wp-content\/uploads\/2016\/04\/03_juez_atento-169x300.jpg\" alt=\"El Juez Quaglia observa con atenci\u00f3n la presentaci\u00f3n de miembros de un espacio de trabajo. 31\/03\/2016 \" width=\"169\" height=\"300\" class=\"size-medium wp-image-2334\" srcset=\"https:\/\/www.coopmargen.ar\/wp\/wp-content\/uploads\/2016\/04\/03_juez_atento-169x300.jpg 169w, https:\/\/www.coopmargen.ar\/wp\/wp-content\/uploads\/2016\/04\/03_juez_atento-576x1024.jpg 576w, https:\/\/www.coopmargen.ar\/wp\/wp-content\/uploads\/2016\/04\/03_juez_atento.jpg 680w\" sizes=\"auto, (max-width: 169px) 100vw, 169px\" \/><\/a><figcaption id=\"caption-attachment-2334\" class=\"wp-caption-text\">El Juez Quaglia observa con atenci\u00f3n la presentaci\u00f3n de miembros de un espacio de trabajo. 31\/03\/2016<\/figcaption><\/figure><\/td>\n<\/tr>\n<tr>\n<td width=\"230\" align=\"center\" valign=\"top\"><figure id=\"attachment_2335\" aria-describedby=\"caption-attachment-2335\" style=\"width: 210px\" class=\"wp-caption alignnone\"><a href=\"http:\/\/www.margen.org\/wp\/wp-content\/uploads\/2016\/04\/04_juez_cocina.jpeg\" rel=\"attachment wp-att-2335 noopener\" target=\"_blank\"><img loading=\"lazy\" decoding=\"async\" src=\"http:\/\/www.margen.org\/wp\/wp-content\/uploads\/2016\/04\/04_juez_cocina-300x213.jpeg\" alt=\"El Juez Quaglia reconoce el espacio de la cocina de La To,a. 31\/03\/2016\" width=\"210\" height=\"213\" class=\"size-medium wp-image-2335\" \/><\/a><figcaption id=\"caption-attachment-2335\" class=\"wp-caption-text\">El Juez Quaglia reconoce el espacio de la cocina de La Toma. 31\/03\/2016<\/figcaption><\/figure><\/td>\n<td width=\"230\" align=\"center\" valign=\"top\"><figure id=\"attachment_2336\" aria-describedby=\"caption-attachment-2336\" style=\"width: 169px\" class=\"wp-caption alignnone\"><a href=\"http:\/\/www.margen.org\/wp\/wp-content\/uploads\/2016\/04\/05_guardavidas.jpg\" rel=\"attachment wp-att-2336 noopener\" target=\"_blank\"><img loading=\"lazy\" decoding=\"async\" src=\"http:\/\/www.margen.org\/wp\/wp-content\/uploads\/2016\/04\/05_guardavidas-169x300.jpg\" alt=\"El Juez Quaglia conversa con miembros del Sindicato de Guardavidas en la Toma, 31\/03\/2016\" width=\"169\" height=\"300\" class=\"size-medium wp-image-2336\" srcset=\"https:\/\/www.coopmargen.ar\/wp\/wp-content\/uploads\/2016\/04\/05_guardavidas-169x300.jpg 169w, https:\/\/www.coopmargen.ar\/wp\/wp-content\/uploads\/2016\/04\/05_guardavidas-576x1024.jpg 576w, https:\/\/www.coopmargen.ar\/wp\/wp-content\/uploads\/2016\/04\/05_guardavidas.jpg 680w\" sizes=\"auto, (max-width: 169px) 100vw, 169px\" \/><\/a><figcaption id=\"caption-attachment-2336\" class=\"wp-caption-text\">El Juez Quaglia conversa con miembros del Sindicato de Guardavidas en la Toma, 31\/03\/2016<\/figcaption><\/figure><\/td>\n<td width=\"230\" align=\"center\" valign=\"top\"><figure id=\"attachment_2337\" aria-describedby=\"caption-attachment-2337\" style=\"width: 169px\" class=\"wp-caption alignnone\"><a href=\"http:\/\/www.margen.org\/wp\/wp-content\/uploads\/2016\/04\/06_sattva.jpg\" rel=\"attachment wp-att-2337 noopener\" target=\"_blank\"><img loading=\"lazy\" decoding=\"async\" src=\"http:\/\/www.margen.org\/wp\/wp-content\/uploads\/2016\/04\/06_sattva-169x300.jpg\" alt=\"Miembros de la Cooperativa SATTVA, productores de comida vegana que trabajan en La Toma, durante la visita del Juez. 31\/03\/2016\" width=\"169\" height=\"300\" class=\"size-medium wp-image-2337\" srcset=\"https:\/\/www.coopmargen.ar\/wp\/wp-content\/uploads\/2016\/04\/06_sattva-169x300.jpg 169w, https:\/\/www.coopmargen.ar\/wp\/wp-content\/uploads\/2016\/04\/06_sattva-576x1024.jpg 576w, https:\/\/www.coopmargen.ar\/wp\/wp-content\/uploads\/2016\/04\/06_sattva.jpg 680w\" sizes=\"auto, (max-width: 169px) 100vw, 169px\" \/><\/a><figcaption id=\"caption-attachment-2337\" class=\"wp-caption-text\">Miembros de la Cooperativa SATTVA, productores de comida vegana que trabajan en La Toma, durante la visita del Juez. 31\/03\/2016<\/figcaption><\/figure><\/td>\n<\/tr>\n<tr>\n<td width=\"230\" align=\"center\" valign=\"top\"><figure id=\"attachment_2338\" aria-describedby=\"caption-attachment-2338\" style=\"width: 169px\" class=\"wp-caption alignnone\"><a href=\"http:\/\/www.margen.org\/wp\/wp-content\/uploads\/2016\/04\/07_cocina.jpg\" rel=\"attachment wp-att-2338 noopener\" target=\"_blank\"><img loading=\"lazy\" decoding=\"async\" src=\"http:\/\/www.margen.org\/wp\/wp-content\/uploads\/2016\/04\/07_cocina-169x300.jpg\" alt=\"Otro momento de la visita del Juez Quaglia a la cocina de La Toma. 31\/03\/2016\" width=\"169\" height=\"300\" class=\"size-medium wp-image-2338\" srcset=\"https:\/\/www.coopmargen.ar\/wp\/wp-content\/uploads\/2016\/04\/07_cocina-169x300.jpg 169w, https:\/\/www.coopmargen.ar\/wp\/wp-content\/uploads\/2016\/04\/07_cocina-576x1024.jpg 576w, https:\/\/www.coopmargen.ar\/wp\/wp-content\/uploads\/2016\/04\/07_cocina.jpg 680w\" sizes=\"auto, (max-width: 169px) 100vw, 169px\" \/><\/a><figcaption id=\"caption-attachment-2338\" class=\"wp-caption-text\">Otro momento de la visita del Juez Quaglia a la cocina de La Toma. 31\/03\/2016<\/figcaption><\/figure><\/td>\n<td width=\"230\" align=\"center\" valign=\"top\"><figure id=\"attachment_2339\" aria-describedby=\"caption-attachment-2339\" style=\"width: 169px\" class=\"wp-caption alignnone\"><a href=\"http:\/\/www.margen.org\/wp\/wp-content\/uploads\/2016\/04\/08_bar.jpg\" rel=\"attachment wp-att-2339 noopener\" target=\"_blank\"><img loading=\"lazy\" decoding=\"async\" src=\"http:\/\/www.margen.org\/wp\/wp-content\/uploads\/2016\/04\/08_bar-169x300.jpg\" alt=\"El bar que funciona en la planta baja de La Toma. 31\/03\/2016\" width=\"169\" height=\"300\" class=\"size-medium wp-image-2339\" srcset=\"https:\/\/www.coopmargen.ar\/wp\/wp-content\/uploads\/2016\/04\/08_bar-169x300.jpg 169w, https:\/\/www.coopmargen.ar\/wp\/wp-content\/uploads\/2016\/04\/08_bar-576x1024.jpg 576w, https:\/\/www.coopmargen.ar\/wp\/wp-content\/uploads\/2016\/04\/08_bar.jpg 680w\" sizes=\"auto, (max-width: 169px) 100vw, 169px\" \/><\/a><figcaption id=\"caption-attachment-2339\" class=\"wp-caption-text\">El bar que funciona en la planta baja de La Toma. 31\/03\/2016<\/figcaption><\/figure><\/td>\n<td width=\"230\" align=\"center\" valign=\"top\"><figure id=\"attachment_2340\" aria-describedby=\"caption-attachment-2340\" style=\"width: 169px\" class=\"wp-caption alignnone\"><a href=\"http:\/\/www.margen.org\/wp\/wp-content\/uploads\/2016\/04\/09_ghioldi.jpg\" rel=\"attachment wp-att-2340 noopener\" target=\"_blank\"><img loading=\"lazy\" decoding=\"async\" src=\"http:\/\/www.margen.org\/wp\/wp-content\/uploads\/2016\/04\/09_ghioldi-169x300.jpg\" alt=\"Carlos Ghioldi, presidente de la Cooperativa de Trabajadores Solidarios en Lucha, durante la inspecci\u00f3n judicial, 31\/03\/2016\" width=\"169\" height=\"300\" class=\"size-medium wp-image-2340\" srcset=\"https:\/\/www.coopmargen.ar\/wp\/wp-content\/uploads\/2016\/04\/09_ghioldi-169x300.jpg 169w, https:\/\/www.coopmargen.ar\/wp\/wp-content\/uploads\/2016\/04\/09_ghioldi-576x1024.jpg 576w, https:\/\/www.coopmargen.ar\/wp\/wp-content\/uploads\/2016\/04\/09_ghioldi.jpg 680w\" sizes=\"auto, (max-width: 169px) 100vw, 169px\" \/><\/a><figcaption id=\"caption-attachment-2340\" class=\"wp-caption-text\">Carlos Ghioldi, presidente de la Cooperativa de Trabajadores Solidarios en Lucha, durante la inspecci\u00f3n judicial, 31\/03\/2016<\/figcaption><\/figure><\/td>\n<\/tr>\n<tr>\n<td width=\"230\" align=\"center\" valign=\"top\"><figure id=\"attachment_2341\" aria-describedby=\"caption-attachment-2341\" style=\"width: 169px\" class=\"wp-caption alignnone\"><a href=\"http:\/\/www.margen.org\/wp\/wp-content\/uploads\/2016\/04\/10_ghioldi_lewis.jpg\" rel=\"attachment wp-att-2341 noopener\" target=\"_blank\"><img loading=\"lazy\" decoding=\"async\" src=\"http:\/\/www.margen.org\/wp\/wp-content\/uploads\/2016\/04\/10_ghioldi_lewis-169x300.jpg\" alt=\"Carlos Ghioldi conversa con Juan Lewis, abogado de la Cooperativa. 31\/03\/2016\" width=\"169\" height=\"300\" class=\"size-medium wp-image-2341\" srcset=\"https:\/\/www.coopmargen.ar\/wp\/wp-content\/uploads\/2016\/04\/10_ghioldi_lewis-169x300.jpg 169w, https:\/\/www.coopmargen.ar\/wp\/wp-content\/uploads\/2016\/04\/10_ghioldi_lewis-576x1024.jpg 576w, https:\/\/www.coopmargen.ar\/wp\/wp-content\/uploads\/2016\/04\/10_ghioldi_lewis.jpg 680w\" sizes=\"auto, (max-width: 169px) 100vw, 169px\" \/><\/a><figcaption id=\"caption-attachment-2341\" class=\"wp-caption-text\">Carlos Ghioldi conversa con Juan Lewis, abogado de la Cooperativa. 31\/03\/2016<\/figcaption><\/figure><\/td>\n<td width=\"230\" align=\"center\" valign=\"top\"><figure id=\"attachment_2342\" aria-describedby=\"caption-attachment-2342\" style=\"width: 210px\" class=\"wp-caption alignnone\"><a href=\"http:\/\/www.margen.org\/wp\/wp-content\/uploads\/2016\/04\/11_comedor.jpg\" rel=\"attachment wp-att-2342 noopener\" target=\"_blank\"><img loading=\"lazy\" decoding=\"async\" src=\"http:\/\/www.margen.org\/wp\/wp-content\/uploads\/2016\/04\/11_comedor-300x291.jpg\" alt=\"Imagen del comedor universitario y el acceso a la cocina de La Toma. 31\/03\/2016\" width=\"210\" height=\"291\" class=\"size-medium wp-image-2342\" \/><\/a><figcaption id=\"caption-attachment-2342\" class=\"wp-caption-text\">Imagen del comedor universitario y el acceso a la cocina de La Toma. 31\/03\/2016<\/figcaption><\/figure><\/td>\n<td width=\"230\" align=\"center\" valign=\"top\"><figure id=\"attachment_2343\" aria-describedby=\"caption-attachment-2343\" style=\"width: 210px\" class=\"wp-caption alignnone\"><a href=\"http:\/\/www.margen.org\/wp\/wp-content\/uploads\/2016\/04\/12_mercado.jpg\" rel=\"attachment wp-att-2343 noopener\" target=\"_blank\"><img loading=\"lazy\" decoding=\"async\" src=\"http:\/\/www.margen.org\/wp\/wp-content\/uploads\/2016\/04\/12_mercado-300x200.jpg\" alt=\"Acceso al Mercado Popular.\" width=\"210\" height=\"200\" class=\"size-medium wp-image-2343\" \/><\/a><figcaption id=\"caption-attachment-2343\" class=\"wp-caption-text\">Acceso al Mercado Popular.<\/figcaption><\/figure><\/td>\n<\/tr>\n<tr>\n<td width=\"230\" align=\"center\" valign=\"top\"><figure id=\"attachment_2344\" aria-describedby=\"caption-attachment-2344\" style=\"width: 210px\" class=\"wp-caption alignnone\"><a href=\"http:\/\/www.margen.org\/wp\/wp-content\/uploads\/2016\/04\/13_latoma.jpg\" rel=\"attachment wp-att-2344 noopener\" target=\"_blank\"><img loading=\"lazy\" decoding=\"async\" src=\"http:\/\/www.margen.org\/wp\/wp-content\/uploads\/2016\/04\/13_latoma-300x169.jpg\" alt=\"Otro \u00e1mbito del Centro cultural La Toma\" width=\"210\" height=\"169\" class=\"size-medium wp-image-2344\" \/><\/a><figcaption id=\"caption-attachment-2344\" class=\"wp-caption-text\">Otro \u00e1mbito del Centro cultural La Toma<\/figcaption><\/figure><\/td>\n<td width=\"230\" align=\"center\" valign=\"top\"><figure id=\"attachment_2345\" aria-describedby=\"caption-attachment-2345\" style=\"width: 210px\" class=\"wp-caption alignnone\"><a href=\"http:\/\/www.margen.org\/wp\/wp-content\/uploads\/2016\/04\/14_libreria_toma.jpg\" rel=\"attachment wp-att-2345 noopener\" target=\"_blank\"><img loading=\"lazy\" decoding=\"async\" src=\"http:\/\/www.margen.org\/wp\/wp-content\/uploads\/2016\/04\/14_libreria_toma-300x225.jpg\" alt=\"Librer\u00eda obrera Federico Engels, que funciona en la planta baja de La To,a\" width=\"210\" height=\"225\" class=\"size-medium wp-image-2345\" \/><\/a><figcaption id=\"caption-attachment-2345\" class=\"wp-caption-text\">Librer\u00eda obrera Federico Engels, que funciona en la planta baja de La To,a<\/figcaption><\/figure><\/td>\n<td width=\"230\" align=\"center\" valign=\"top\"><figure id=\"attachment_2346\" aria-describedby=\"caption-attachment-2346\" style=\"width: 210px\" class=\"wp-caption alignnone\"><a href=\"http:\/\/www.margen.org\/wp\/wp-content\/uploads\/2016\/04\/15_recorte.jpg\" rel=\"attachment wp-att-2346 noopener\" target=\"_blank\"><img loading=\"lazy\" decoding=\"async\" src=\"http:\/\/www.margen.org\/wp\/wp-content\/uploads\/2016\/04\/15_recorte-300x169.jpg\" alt=\"Recorte period\u00edstico a\u00f1o 2001, que informa sobre los sucesos que dieron lugar a la recuperaci\u00f3n del edificio.\" width=\"210\" height=\"169\" class=\"size-medium wp-image-2346\" \/><\/a><figcaption id=\"caption-attachment-2346\" class=\"wp-caption-text\">Recorte period\u00edstico a\u00f1o 2001, que informa sobre los sucesos que dieron lugar a la recuperaci\u00f3n del edificio.<\/figcaption><\/figure><\/td>\n<\/tr>\n<tr>\n<td width=\"230\" align=\"center\" valign=\"top\"><figure id=\"attachment_2347\" aria-describedby=\"caption-attachment-2347\" style=\"width: 210px\" class=\"wp-caption alignnone\"><a href=\"http:\/\/www.margen.org\/wp\/wp-content\/uploads\/2016\/04\/16_asamblea.jpg\" rel=\"attachment wp-att-2347 noopener\" target=\"_blank\"><img loading=\"lazy\" decoding=\"async\" src=\"http:\/\/www.margen.org\/wp\/wp-content\/uploads\/2016\/04\/16_asamblea-300x225.jpg\" alt=\"Asamblea en defensa de la lucha de La Toma, marzo de 2016. Fotograf\u00edas: Nicol\u00e1s Maurutto\" width=\"210\" height=\"225\" class=\"size-medium wp-image-2347\" \/><\/a><figcaption id=\"caption-attachment-2347\" class=\"wp-caption-text\">Asamblea en defensa de la lucha de La Toma, marzo de 2016. Fotograf\u00edas: Nicol\u00e1s Maurutto<\/figcaption><\/figure><\/td>\n<td width=\"230\" align=\"center\" valign=\"top\"><figure id=\"attachment_2348\" aria-describedby=\"caption-attachment-2348\" style=\"width: 210px\" class=\"wp-caption alignnone\"><a href=\"http:\/\/www.margen.org\/wp\/wp-content\/uploads\/2016\/04\/17_asamblea2.jpg\" rel=\"attachment wp-att-2348 noopener\" target=\"_blank\"><img loading=\"lazy\" decoding=\"async\" src=\"http:\/\/www.margen.org\/wp\/wp-content\/uploads\/2016\/04\/17_asamblea2-300x224.jpg\" alt=\"Asamblea en defensa de la lucha de La Toma, marzo de 2016. Fotograf\u00edas: Nicol\u00e1s Maurutto\" width=\"210\" height=\"224\" class=\"size-medium wp-image-2348\" \/><\/a><figcaption id=\"caption-attachment-2348\" class=\"wp-caption-text\">Asamblea en defensa de la lucha de La Toma, marzo de 2016. Fotograf\u00edas: Nicol\u00e1s Maurutto<\/figcaption><\/figure><\/td>\n<td width=\"230\" align=\"center\" valign=\"top\"><figure id=\"attachment_2349\" aria-describedby=\"caption-attachment-2349\" style=\"width: 210px\" class=\"wp-caption alignnone\"><a href=\"http:\/\/www.margen.org\/wp\/wp-content\/uploads\/2016\/04\/18_madres_la_toma.jpg\" rel=\"attachment wp-att-2349 noopener\" target=\"_blank\"><img loading=\"lazy\" decoding=\"async\" src=\"http:\/\/www.margen.org\/wp\/wp-content\/uploads\/2016\/04\/18_madres_la_toma-300x199.jpg\" alt=\"Presentaci\u00f3n del documental &quot;Arder\u00e1 la memoria&quot;, realizado colectivamente por el Grupo de apoyo a Madres de Rosario. Mayo de 2010 \" width=\"210\" height=\"199\" class=\"size-medium wp-image-2349\" \/><\/a><figcaption id=\"caption-attachment-2349\" class=\"wp-caption-text\">Presentaci\u00f3n del documental &#8220;Arder\u00e1 la memoria&#8221;, realizado colectivamente por el Grupo de apoyo a Madres de Rosario. Mayo de 2010<\/figcaption><\/figure><\/td>\n<\/tr>\n<tr>\n<td width=\"230\" align=\"center\" valign=\"top\"><figure id=\"attachment_2350\" aria-describedby=\"caption-attachment-2350\" style=\"width: 210px\" class=\"wp-caption alignnone\"><a href=\"http:\/\/www.margen.org\/wp\/wp-content\/uploads\/2016\/04\/19_20may2010_madres.jpg\" rel=\"attachment wp-att-2350 noopener\" target=\"_blank\"><img loading=\"lazy\" decoding=\"async\" src=\"http:\/\/www.margen.org\/wp\/wp-content\/uploads\/2016\/04\/19_20may2010_madres-300x199.jpg\" alt=\"Presentaci\u00f3n del documental &quot;Arder\u00e1 la memoria&quot;, realizado colectivamente por el Grupo de apoyo a Madres de Rosario. Mayo de 2010 \" width=\"210\" height=\"199\" class=\"size-medium wp-image-2350\" \/><\/a><figcaption id=\"caption-attachment-2350\" class=\"wp-caption-text\">Presentaci\u00f3n del documental &#8220;Arder\u00e1 la memoria&#8221;, realizado colectivamente por el Grupo de apoyo a Madres de Rosario. Mayo de 2010<\/figcaption><\/figure><\/td>\n<td width=\"230\" align=\"center\" valign=\"top\"><figure id=\"attachment_2351\" aria-describedby=\"caption-attachment-2351\" style=\"width: 210px\" class=\"wp-caption alignnone\"><a href=\"http:\/\/www.margen.org\/wp\/wp-content\/uploads\/2016\/04\/20_coro.jpg\" rel=\"attachment wp-att-2351 noopener\" target=\"_blank\"><img loading=\"lazy\" decoding=\"async\" src=\"http:\/\/www.margen.org\/wp\/wp-content\/uploads\/2016\/04\/20_coro-300x161.jpg\" alt=\" Actuaci\u00f3n de Coral de Camara Rosario, Jornadas de Lucha por los 11 a\u00f1os de La Toma, a\u00f1o 2012\" width=\"210\" height=\"161\" class=\"size-medium wp-image-2351\" \/><\/a><figcaption id=\"caption-attachment-2351\" class=\"wp-caption-text\">Actuaci\u00f3n de Coral de Camara Rosario, Jornadas de Lucha por los 11 a\u00f1os de La Toma, a\u00f1o 2012<\/figcaption><\/figure><\/td>\n<td width=\"230\" align=\"center\" valign=\"top\"><figure id=\"attachment_2352\" aria-describedby=\"caption-attachment-2352\" style=\"width: 210px\" class=\"wp-caption alignnone\"><a href=\"http:\/\/www.margen.org\/wp\/wp-content\/uploads\/2016\/04\/21_orquesta_infantil.jpg\" rel=\"attachment wp-att-2352 noopener\" target=\"_blank\"><img loading=\"lazy\" decoding=\"async\" src=\"http:\/\/www.margen.org\/wp\/wp-content\/uploads\/2016\/04\/21_orquesta_infantil-300x189.jpg\" alt=\"Actuaci\u00f3n de la Orquesta Infantil de Barrio Ludue\u00f1a, Jornadas de Lucha por los 11 a\u00f1os de La Toma, a\u00f1o 2012\" width=\"210\" height=\"189\" class=\"size-medium wp-image-2352\" \/><\/a><figcaption id=\"caption-attachment-2352\" class=\"wp-caption-text\">Actuaci\u00f3n de la Orquesta Infantil de Barrio Ludue\u00f1a, Jornadas de Lucha por los 11 a\u00f1os de La Toma, a\u00f1o 2012<\/figcaption><\/figure><\/td>\n<\/tr>\n<tr>\n<td width=\"230\" align=\"center\" valign=\"top\"><figure id=\"attachment_2353\" aria-describedby=\"caption-attachment-2353\" style=\"width: 210px\" class=\"wp-caption alignnone\"><a href=\"http:\/\/www.margen.org\/wp\/wp-content\/uploads\/2016\/04\/22_presentacion_libro.jpg\" rel=\"attachment wp-att-2353 noopener\" target=\"_blank\"><img loading=\"lazy\" decoding=\"async\" src=\"http:\/\/www.margen.org\/wp\/wp-content\/uploads\/2016\/04\/22_presentacion_libro-300x173.jpg\" alt=\"Jornadas de Lucha por los 11 a\u00f1os de La Toma, a\u00f1o 2012\" width=\"210\" height=\"173\" class=\"size-medium wp-image-2353\" \/><\/a><figcaption id=\"caption-attachment-2353\" class=\"wp-caption-text\">Jornadas de Lucha por los 11 a\u00f1os de La Toma, a\u00f1o 2012<\/figcaption><\/figure><\/td>\n<td width=\"230\" align=\"center\" valign=\"top\"><figure id=\"attachment_2354\" aria-describedby=\"caption-attachment-2354\" style=\"width: 210px\" class=\"wp-caption alignnone\"><a href=\"http:\/\/www.margen.org\/wp\/wp-content\/uploads\/2016\/04\/23_orga-mujeres.jpg\" rel=\"attachment wp-att-2354 noopener\" target=\"_blank\"><img loading=\"lazy\" decoding=\"async\" src=\"http:\/\/www.margen.org\/wp\/wp-content\/uploads\/2016\/04\/23_orga-mujeres-300x200.jpg\" alt=\" Reuni\u00f3n en La Toma de representantes de m\u00e1s de 40 organizaciones defensoras de los Derechos de la Mujer, para preparar la participaci\u00f3n en la jornada de lucha del 25 de noviembre, \u201cD\u00eda Internacional de la No violencia hacia las mujeres\u201d. Noviembre de 105\" width=\"210\" height=\"200\" class=\"size-medium wp-image-2354\" \/><\/a><figcaption id=\"caption-attachment-2354\" class=\"wp-caption-text\">Reuni\u00f3n en La Toma de representantes de m\u00e1s de 40 organizaciones defensoras de los Derechos de la Mujer, para preparar la participaci\u00f3n en la jornada de lucha del 25 de noviembre, \u201cD\u00eda Internacional de la No violencia hacia las mujeres\u201d. Noviembre de 105<\/figcaption><\/figure><\/td>\n<td width=\"230\" align=\"center\" valign=\"top\"><figure id=\"attachment_2355\" aria-describedby=\"caption-attachment-2355\" style=\"width: 210px\" class=\"wp-caption alignnone\"><a href=\"http:\/\/www.margen.org\/wp\/wp-content\/uploads\/2016\/04\/24_toma-mujeres.jpg\" rel=\"attachment wp-att-2355 noopener\" target=\"_blank\"><img loading=\"lazy\" decoding=\"async\" src=\"http:\/\/www.margen.org\/wp\/wp-content\/uploads\/2016\/04\/24_toma-mujeres-300x200.jpg\" alt=\" Reuni\u00f3n en La Toma de representantes de m\u00e1s de 40 organizaciones defensoras de los Derechos de la Mujer, para preparar la participaci\u00f3n en la jornada de lucha del 25 de noviembre, \u201cD\u00eda Internacional de la No violencia hacia las mujeres\u201d. Noviembre de 105\" width=\"210\" height=\"200\" class=\"size-medium wp-image-2355\" \/><\/a><figcaption id=\"caption-attachment-2355\" class=\"wp-caption-text\">Reuni\u00f3n en La Toma de representantes de m\u00e1s de 40 organizaciones defensoras de los Derechos de la Mujer, para preparar la participaci\u00f3n en la jornada de lucha del 25 de noviembre, \u201cD\u00eda Internacional de la No violencia hacia las mujeres\u201d. Noviembre de 105<\/figcaption><\/figure><\/td>\n<\/tr>\n<\/table>\n<p><\/br>Informe: Equipo Margen<br \/>\n<\/font><\/p>\n","protected":false},"excerpt":{"rendered":"<p>La informaci\u00f3n da cuenta de la inspecci\u00f3n que realiz\u00f3 el 31 de marzo de 2016 el juez Marcelo Quaglia al edificio conocido popularmente como \u201cLa Toma\u201d, para acreditar la presencia de las instituciones que trabajan o funcionan en ese espacio recuperado luego de la quiebra del supermercado Tigre en 2001. A pesar de sendas leyes [&hellip;]<\/p>\n","protected":false},"author":1,"featured_media":0,"comment_status":"open","ping_status":"closed","sticky":false,"template":"","format":"standard","meta":{"footnotes":""},"categories":[2,4],"tags":[],"class_list":["post-2311","post","type-post","status-publish","format-standard","hentry","category-la-cuestion-social","category-noticias"],"_links":{"self":[{"href":"https:\/\/www.coopmargen.ar\/wp\/index.php?rest_route=\/wp\/v2\/posts\/2311","targetHints":{"allow":["GET"]}}],"collection":[{"href":"https:\/\/www.coopmargen.ar\/wp\/index.php?rest_route=\/wp\/v2\/posts"}],"about":[{"href":"https:\/\/www.coopmargen.ar\/wp\/index.php?rest_route=\/wp\/v2\/types\/post"}],"author":[{"embeddable":true,"href":"https:\/\/www.coopmargen.ar\/wp\/index.php?rest_route=\/wp\/v2\/users\/1"}],"replies":[{"embeddable":true,"href":"https:\/\/www.coopmargen.ar\/wp\/index.php?rest_route=%2Fwp%2Fv2%2Fcomments&post=2311"}],"version-history":[{"count":37,"href":"https:\/\/www.coopmargen.ar\/wp\/index.php?rest_route=\/wp\/v2\/posts\/2311\/revisions"}],"predecessor-version":[{"id":4969,"href":"https:\/\/www.coopmargen.ar\/wp\/index.php?rest_route=\/wp\/v2\/posts\/2311\/revisions\/4969"}],"wp:attachment":[{"href":"https:\/\/www.coopmargen.ar\/wp\/index.php?rest_route=%2Fwp%2Fv2%2Fmedia&parent=2311"}],"wp:term":[{"taxonomy":"category","embeddable":true,"href":"https:\/\/www.coopmargen.ar\/wp\/index.php?rest_route=%2Fwp%2Fv2%2Fcategories&post=2311"},{"taxonomy":"post_tag","embeddable":true,"href":"https:\/\/www.coopmargen.ar\/wp\/index.php?rest_route=%2Fwp%2Fv2%2Ftags&post=2311"}],"curies":[{"name":"wp","href":"https:\/\/api.w.org\/{rel}","templated":true}]}}