{"id":2382,"date":"2016-04-12T16:51:19","date_gmt":"2016-04-12T19:51:19","guid":{"rendered":"http:\/\/www.margen.org\/wp\/?p=2382"},"modified":"2022-05-03T14:50:02","modified_gmt":"2022-05-03T17:50:02","slug":"xxviii-congreso-nacional-de-trabajo-social","status":"publish","type":"post","link":"https:\/\/www.coopmargen.ar\/wp\/?p=2382","title":{"rendered":"XXVIII Congreso Nacional de Trabajo Social"},"content":{"rendered":"<p><font face=\"Verdana, Arial\" SIZE=\"2pt\" color=\"#000000\">A realizarse en San Juan, Argentina, del 20 al 22 de octubre de 2016<br \/>\n<br \/><b>&#8220;Ejercicio Profesional en el marco de la Ley Federal. Proyectos socio-profesionales en debate&#8221; <\/b><\/p>\n<p><img decoding=\"async\" src=\"http:\/\/www.margen.org\/imagenes\/28congreso.jpg\"><\/p>\n<p><b><u>Normas y plazos para el env\u00edo de resumen y ponencia<\/u>:<\/b><\/p>\n<p><!--more--><\/p>\n<p><u>Res\u00famenes<\/u><br \/>\n<br \/>Se recibir\u00e1n hasta el 01\/06\/16 inclusive al correo congresotssanjuanponencias@gmail.com<br \/>\n<br \/><u>Requisitos<\/u>: Encabezado del Congreso; T\u00edtulo; Autor\/es; Eje en el que se incluye; Pertenencia institucional; Correo electr\u00f3nico de contacto; Letra Times New Roman, interlineado 1,5; m\u00e1rgenes 3 cm de cada lado, sin sangr\u00edas; Extensi\u00f3n hasta 300 palabras; Formato A-4 y PDF<\/p>\n<p>Publicaci\u00f3n y notificaci\u00f3n de la aceptaci\u00f3n de res\u00famenes: 01\/07\/16<\/p>\n<p><u>Ponencias<\/u><br \/>\n<\/br>Se recibir\u00e1n hasta el 31\/08\/16 inclusive al correo congresotssanjuanponencias@gmail.com<br \/>\n<\/br><u>Requisitos<\/u>: Encabezado del Congreso; T\u00edtulo; Autor\/es; Eje en el que se incluye; Pertenencia institucional; Correo electr\u00f3nico de contacto; Letra Times New Roman, interlineado 1,5; m\u00e1rgenes 3 cm de cada lado, sin sangr\u00edas; Referencias bibliogr\u00e1ficas; Extensi\u00f3n entre 8 (m\u00ednimo) y 12 (m\u00e1ximo) cantidad de p\u00e1ginas; Formato A-4 y PDF<\/p>\n<p>En una pr\u00f3xima circular informaremos sobre:<br \/>\n<\/br>&#8211; Lugares donde se realizar\u00e1 el Congreso<br \/>\n<\/br>&#8211; Panelistas invitados<br \/>\n<\/br>&#8211; Informaci\u00f3n \u00fatil a tener en cuenta\n<\/p>\n<p><b>Contacto<\/b>: <a href=\"mailto:congresotssanjuanponencias@gmail.com\">congresotssanjuanponencias@gmail.com<\/a><\/p>\n<p><\/font><\/p>\n","protected":false},"excerpt":{"rendered":"<p>A realizarse en San Juan, Argentina, del 20 al 22 de octubre de 2016 &#8220;Ejercicio Profesional en el marco de la Ley Federal. Proyectos socio-profesionales en debate&#8221; Normas y plazos para el env\u00edo de resumen y ponencia:<\/p>\n","protected":false},"author":1,"featured_media":0,"comment_status":"open","ping_status":"closed","sticky":false,"template":"","format":"standard","meta":{"footnotes":""},"categories":[1],"tags":[],"class_list":["post-2382","post","type-post","status-publish","format-standard","hentry","category-info-actividad"],"_links":{"self":[{"href":"https:\/\/www.coopmargen.ar\/wp\/index.php?rest_route=\/wp\/v2\/posts\/2382","targetHints":{"allow":["GET"]}}],"collection":[{"href":"https:\/\/www.coopmargen.ar\/wp\/index.php?rest_route=\/wp\/v2\/posts"}],"about":[{"href":"https:\/\/www.coopmargen.ar\/wp\/index.php?rest_route=\/wp\/v2\/types\/post"}],"author":[{"embeddable":true,"href":"https:\/\/www.coopmargen.ar\/wp\/index.php?rest_route=\/wp\/v2\/users\/1"}],"replies":[{"embeddable":true,"href":"https:\/\/www.coopmargen.ar\/wp\/index.php?rest_route=%2Fwp%2Fv2%2Fcomments&post=2382"}],"version-history":[{"count":7,"href":"https:\/\/www.coopmargen.ar\/wp\/index.php?rest_route=\/wp\/v2\/posts\/2382\/revisions"}],"predecessor-version":[{"id":2389,"href":"https:\/\/www.coopmargen.ar\/wp\/index.php?rest_route=\/wp\/v2\/posts\/2382\/revisions\/2389"}],"wp:attachment":[{"href":"https:\/\/www.coopmargen.ar\/wp\/index.php?rest_route=%2Fwp%2Fv2%2Fmedia&parent=2382"}],"wp:term":[{"taxonomy":"category","embeddable":true,"href":"https:\/\/www.coopmargen.ar\/wp\/index.php?rest_route=%2Fwp%2Fv2%2Fcategories&post=2382"},{"taxonomy":"post_tag","embeddable":true,"href":"https:\/\/www.coopmargen.ar\/wp\/index.php?rest_route=%2Fwp%2Fv2%2Ftags&post=2382"}],"curies":[{"name":"wp","href":"https:\/\/api.w.org\/{rel}","templated":true}]}}