{"id":2391,"date":"2016-04-28T12:09:54","date_gmt":"2016-04-28T15:09:54","guid":{"rendered":"http:\/\/www.margen.org\/wp\/?p=2391"},"modified":"2022-05-03T14:50:02","modified_gmt":"2022-05-03T17:50:02","slug":"x-congreso-argentino-de-salud-mental-y-ii-congreso-regional-de-la-world-federation-for-mental-health","status":"publish","type":"post","link":"https:\/\/www.coopmargen.ar\/wp\/?p=2391","title":{"rendered":"X Congreso argentino de Salud Mental y II Congreso Regional de la World Federation for Mental Health"},"content":{"rendered":"<p><font face=\"Verdana, Arial\" SIZE=\"2pt\" color=\"#000000\">&#8211; X Congreso argentino de Salud Mental <b>&#8220;Los l\u00edmites de la Cl\u00ednica&#8221;<\/b><br \/>\n<br \/>&#8211; III Congreso Regional de la World Federation for Mental Health<br \/>\n<br \/>Dentro del marco del X Congreso Argentino de Salud Mental se realizar\u00e1 el Congreso Regional de la WFMH. Esta ser\u00e1 la primera vez que se realice en nuestro pa\u00eds un congreso regional de estas caracter\u00edsticas.<br \/>\n<\/br>Buenos Aires, 24 al 26 de agosto de 2016<br \/>\n<br \/>\n <!--more--><br \/>\n <br \/>\n<u>Instituci\u00f3n organizadora<\/u><br \/>\n<br \/>Asociaci\u00f3n Argentina de Salud Mental (AASM), miembro con derecho a voto de la Word Federation for Mental Health (WFMH).<\/p>\n<p><u>Sede del Congreso<\/u><br \/>\n<br \/>Panamericano Hotel &#038; Resort &#8211; Av. Carlos Pellegrini 551 Ciudad de Buenos Aires<\/p>\n<p><u>Subsede del Congreso<\/u><br \/>\n<br \/>Hotel Col\u00f3n &#8211; Av. Carlos Pellegrini 507 Ciudad de Buenos Aires<\/p>\n<p><u>Sesiones cient\u00edficas<\/u><br \/>\n<br \/>Las actividades cient\u00edficas comenzar\u00e1n a las 9 hs. del 26 de agosto de 2016 en los salones del Hotel Panamericano y Hotel Colon.<\/p>\n<p>Ampliar la informaci\u00f3n ingresando a <a href=\"http:\/\/congreso2016.aasm.org.ar\/es\/home\" target=\"_blank\" rel=\"noopener\">congreso2016.aasm.org.ar\/es\/home<\/a><\/p>\n<p>\n<\/font><\/p>\n","protected":false},"excerpt":{"rendered":"<p>&#8211; X Congreso argentino de Salud Mental &#8220;Los l\u00edmites de la Cl\u00ednica&#8221; &#8211; III Congreso Regional de la World Federation for Mental Health Dentro del marco del X Congreso Argentino de Salud Mental se realizar\u00e1 el Congreso Regional de la WFMH. Esta ser\u00e1 la primera vez que se realice en nuestro pa\u00eds un congreso regional [&hellip;]<\/p>\n","protected":false},"author":1,"featured_media":0,"comment_status":"open","ping_status":"closed","sticky":false,"template":"","format":"standard","meta":{"footnotes":""},"categories":[1],"tags":[],"class_list":["post-2391","post","type-post","status-publish","format-standard","hentry","category-info-actividad"],"_links":{"self":[{"href":"https:\/\/www.coopmargen.ar\/wp\/index.php?rest_route=\/wp\/v2\/posts\/2391","targetHints":{"allow":["GET"]}}],"collection":[{"href":"https:\/\/www.coopmargen.ar\/wp\/index.php?rest_route=\/wp\/v2\/posts"}],"about":[{"href":"https:\/\/www.coopmargen.ar\/wp\/index.php?rest_route=\/wp\/v2\/types\/post"}],"author":[{"embeddable":true,"href":"https:\/\/www.coopmargen.ar\/wp\/index.php?rest_route=\/wp\/v2\/users\/1"}],"replies":[{"embeddable":true,"href":"https:\/\/www.coopmargen.ar\/wp\/index.php?rest_route=%2Fwp%2Fv2%2Fcomments&post=2391"}],"version-history":[{"count":8,"href":"https:\/\/www.coopmargen.ar\/wp\/index.php?rest_route=\/wp\/v2\/posts\/2391\/revisions"}],"predecessor-version":[{"id":4964,"href":"https:\/\/www.coopmargen.ar\/wp\/index.php?rest_route=\/wp\/v2\/posts\/2391\/revisions\/4964"}],"wp:attachment":[{"href":"https:\/\/www.coopmargen.ar\/wp\/index.php?rest_route=%2Fwp%2Fv2%2Fmedia&parent=2391"}],"wp:term":[{"taxonomy":"category","embeddable":true,"href":"https:\/\/www.coopmargen.ar\/wp\/index.php?rest_route=%2Fwp%2Fv2%2Fcategories&post=2391"},{"taxonomy":"post_tag","embeddable":true,"href":"https:\/\/www.coopmargen.ar\/wp\/index.php?rest_route=%2Fwp%2Fv2%2Ftags&post=2391"}],"curies":[{"name":"wp","href":"https:\/\/api.w.org\/{rel}","templated":true}]}}