{"id":2399,"date":"2016-04-28T12:34:18","date_gmt":"2016-04-28T15:34:18","guid":{"rendered":"http:\/\/www.margen.org\/wp\/?p=2399"},"modified":"2022-05-03T14:49:15","modified_gmt":"2022-05-03T17:49:15","slug":"jornada-servicio-local-en-el-sistema-de-proteccion-integral-de-ninez-y-adolescencia","status":"publish","type":"post","link":"https:\/\/www.coopmargen.ar\/wp\/?p=2399","title":{"rendered":"Jornada Servicio Local en el Sistema de Protecci\u00f3n Integral de Ni\u00f1ez y Adolescencia"},"content":{"rendered":"<p><font face=\"Verdana, Arial\" SIZE=\"2pt\" color=\"#000000\">El 15 de abril se desarroll\u00f3 en Rosario (Argentina) la <b>Jornada &#8220;Servicio Local en el Sistema de Protecci\u00f3n Integral de Ni\u00f1ez y Adolescencia. Aportes para su conformaci\u00f3n en la Ciudad de Rosario&#8221;<\/b>, organizada por el Colegio de Profesionales de Trabajo Social junto a la Secretar\u00eda de Integraci\u00f3n y Desarrollo Socio-Comunitario de la Universidad Nacional Rosario.<br \/>\n<br \/>La Jornada se plante\u00f3 con el objeto de aportar a la construcci\u00f3n del Servicio Local en la Ciudad de Rosario, tal como lo establece el Art. 30\u00b0 de la Ley N\u00b0 12.967 (Provincia de Santa Fe), &#8220;Promoci\u00f3n y Protecci\u00f3n Integral de los Derechos de los Ni\u00f1as, Ni\u00f1os y Adolescentes&#8221;.<br \/>\n <br \/><!--more-->\n<\/p>\n<p>La ley entiende a los Servicios Locales como \u00f3rganos descentralizados cuyo objeto es la intervenci\u00f3n en problem\u00e1ticas relacionadas con Ni\u00f1os, Ni\u00f1as y Adolescentes.\n<\/p>\n<p>La <i>Jornada Servicio Local en el Sistema de Protecci\u00f3n Integral de Ni\u00f1ez y Adolescencia<\/i> puede verse en forma completa (duraci\u00f3n: 3h 02m) en el siguiente enlace de Youtue: <a href=\"https:\/\/www.youtube.com\/watch?v=APQ52UOTFJQ&#038;ct=t%28Abril_4_26_2016%29&#038;mc_cid=5faa0064f4&#038;mc_eid=b98fda8933\" target=\"_blank\" rel=\"noopener\">https:\/\/www.youtube.com\/watch?v=APQ52UOTFJQ&#038;ct=t%28Abril_4_26_2016%29&#038;mc_cid=5faa0064f4&#038;mc_eid=b98fda8933<\/a> <\/p>\n<p>Los organizadores informaron que durante la Jornada, la Lic. G. Anzola brind\u00f3 un aporte conceptual acerca de la tem\u00e1tica, enriqueci\u00e9ndose la exposici\u00f3n con dos experiencias de Servicio Local que se desarrollan actualmente en la Provincia de Santa Fe.\n<\/p>\n<p>Debe recordarse que el debate sobre la creaci\u00f3n del Servicio Local en la ciudad de Rosario data del a\u00f1o 2010, consider\u00e1ndose actualmente como una acci\u00f3n de caracter impostergable.\n <\/p>\n<p>La Jornada cont\u00f3 con 200 inscriptos aproximadamente, en su mayor\u00eda profesionales que se desempe\u00f1an en el \u00c1rea de Ni\u00f1ez y Juventud. <br \/>Tambi\u00e9n participaron representantes de distintos organismos oficiales de Rosario: la Direcci\u00f3n de Ni\u00f1ez, la Secretaria de Desarrollo Social Municipal, el Consejo Municipal.<br \/>\n<br \/>Asistieron adem\u00e1s representantes de los Colegios de Profesionales de Psic\u00f3logos y Abogados y del Instituto de Derecho de Infancia y Adolescencia.<\/font><\/p>\n<p>\n","protected":false},"excerpt":{"rendered":"<p>El 15 de abril se desarroll\u00f3 en Rosario (Argentina) la Jornada &#8220;Servicio Local en el Sistema de Protecci\u00f3n Integral de Ni\u00f1ez y Adolescencia. Aportes para su conformaci\u00f3n en la Ciudad de Rosario&#8221;, organizada por el Colegio de Profesionales de Trabajo Social junto a la Secretar\u00eda de Integraci\u00f3n y Desarrollo Socio-Comunitario de la Universidad Nacional Rosario. [&hellip;]<\/p>\n","protected":false},"author":1,"featured_media":0,"comment_status":"open","ping_status":"closed","sticky":false,"template":"","format":"standard","meta":{"footnotes":""},"categories":[1],"tags":[],"class_list":["post-2399","post","type-post","status-publish","format-standard","hentry","category-info-actividad"],"_links":{"self":[{"href":"https:\/\/www.coopmargen.ar\/wp\/index.php?rest_route=\/wp\/v2\/posts\/2399","targetHints":{"allow":["GET"]}}],"collection":[{"href":"https:\/\/www.coopmargen.ar\/wp\/index.php?rest_route=\/wp\/v2\/posts"}],"about":[{"href":"https:\/\/www.coopmargen.ar\/wp\/index.php?rest_route=\/wp\/v2\/types\/post"}],"author":[{"embeddable":true,"href":"https:\/\/www.coopmargen.ar\/wp\/index.php?rest_route=\/wp\/v2\/users\/1"}],"replies":[{"embeddable":true,"href":"https:\/\/www.coopmargen.ar\/wp\/index.php?rest_route=%2Fwp%2Fv2%2Fcomments&post=2399"}],"version-history":[{"count":8,"href":"https:\/\/www.coopmargen.ar\/wp\/index.php?rest_route=\/wp\/v2\/posts\/2399\/revisions"}],"predecessor-version":[{"id":4963,"href":"https:\/\/www.coopmargen.ar\/wp\/index.php?rest_route=\/wp\/v2\/posts\/2399\/revisions\/4963"}],"wp:attachment":[{"href":"https:\/\/www.coopmargen.ar\/wp\/index.php?rest_route=%2Fwp%2Fv2%2Fmedia&parent=2399"}],"wp:term":[{"taxonomy":"category","embeddable":true,"href":"https:\/\/www.coopmargen.ar\/wp\/index.php?rest_route=%2Fwp%2Fv2%2Fcategories&post=2399"},{"taxonomy":"post_tag","embeddable":true,"href":"https:\/\/www.coopmargen.ar\/wp\/index.php?rest_route=%2Fwp%2Fv2%2Ftags&post=2399"}],"curies":[{"name":"wp","href":"https:\/\/api.w.org\/{rel}","templated":true}]}}