{"id":2408,"date":"2016-06-13T16:39:40","date_gmt":"2016-06-13T19:39:40","guid":{"rendered":"http:\/\/www.margen.org\/wp\/?p=2408"},"modified":"2022-05-03T14:49:07","modified_gmt":"2022-05-03T17:49:07","slug":"alerta-y-movilizacion-en-defensa-del-derecho-a-la-salud-contra-la-exclusion-social","status":"publish","type":"post","link":"https:\/\/www.coopmargen.ar\/wp\/?p=2408","title":{"rendered":"Alerta y movilizaci\u00f3n en defensa del derecho a la salud, contra la exclusi\u00f3n social"},"content":{"rendered":"<p><font face=\"Verdana, Arial\" SIZE=\"2pt\" color=\"#000000\">El 23 de mayo de 2016, algunos medios difundieron la idea planteada en \u00e1mbitos legislativos de la provincia de Chubut acerca de la intenci\u00f3n de modificar la ley provincial para permitir el arancelamiento de prestaciones de salud a extranjeros, o bien que los pa\u00edses lim\u00edtrofes (espec\u00edficamente Chile), a trav\u00e9s de sus embajadas, solventaran las intervenciones m\u00e9dicas de sus ciudadanos.<br \/>\n<\/br>Esta noticia se sum\u00f3 a otra informaci\u00f3n (http:\/\/www.elsol.com.ar\/nota\/257647) que daba cuenta de la decisi\u00f3n del gobierno de la provincia de Mendoza a fin de <i>&#8220;implementar un sistema de &#8216;colaboraciones&#8217; con gobiernos extranjeros y de otras provincias en el caso de que sus ciudadanos se hagan atender en los hospitales p\u00fablicos mendocinos&#8221;.<\/i><br \/>\n<\/br><br \/>\n<!--more--><br \/>\n<\/br>El 23 de mayo, el periodista Diego Siciliano trat\u00f3 el tema en el sitio BigSur (http:\/\/www.bigsur.com.ar). En su art\u00edculo afirm\u00f3:\n<\/p>\n<blockquote><p>El Hospital Regional de Comodoro Rivadavia padece hist\u00f3ricamente dificultades econ\u00f3micas. La falta de insumos b\u00e1sicos como gasas, vacunas, ropa de cama, material de limpieza y las deudas por servicios que se acumulan son problemas comunes que las administraciones deben sortear todos los a\u00f1os, sin contar con las batallas gremiales del personal por mejoras salariales.<br \/>\n<\/br>Quiz\u00e1s por eso los directivos -elegidos por el gobernador de la provincia- duren tan poco tiempo en su cargo. Todos los a\u00f1os, la administraci\u00f3n central del Regional se renueva y reaparecen los mismos problemas que hasta el momento han sido imposibles de revertir. Para cortar finalmente con este largo padecer, desde el Concejo Deliberante de la ciudad comenzaron a trabajar en un sistema de autogesti\u00f3n, en el que el Hospital cobre sus prestaciones a las obras sociales y, a ello, se suma la posibilidad de cobrar un arancel a los extranjeros que se atienden en la ciudad. La iniciativa despert\u00f3 curiosidad en la comunidad chubutense. \u00bfDe qu\u00e9 se trata?\n<\/p>\n<p><i>&#8220;Hay extranjeros que vienen a realizar intervenciones programadas. Hay gente que no reside y programa partos u operaciones de manera deliberada&#8221;<\/i>, explic\u00f3 el concejal del Frente para la Victoria, Maximiliano Sampaoli, en una radio local.<br \/>\n<\/br>La iniciativa surgida desde Comodoro Rivadavia apunta a generar un acuerdo con las embajadas de pa\u00edses lim\u00edtrofes para que paguen al Hospital Regional las intervenciones m\u00e9dicas que se les realizan a sus ciudadanos. Para llegar a este acuerdo primero debe consensuarse una ley, y es por eso que en un encuentro realizado la semana pasada participaron, adem\u00e1s, diputados provinciales que pertenecen a la comisi\u00f3n de salud. All\u00ed estuvo presente el legislador David Gonz\u00e1lez, quien en di\u00e1logo con Big Sur, cont\u00f3 que <i>&#8220;le pedimos al directorio que nos haga un relevamiento de los extranjeros y de qu\u00e9 nacionalidades son. La idea es buscar financiamiento con pa\u00edses lim\u00edtrofes a trav\u00e9s de un acuerdo con la Canciller\u00eda, porque la salud se paga. Cuando uno va a otro pa\u00eds, lamentablemente si usted no tiene plata, tampoco tiene salud. Ac\u00e1 tiene salud pero muchas veces no se aporta&#8221;.<\/i><\/p><\/blockquote>\n<p>De inmediato, docentes y estudiantes de la Universidad Nacional de la Patagonia San Juan Bosco se pronunciaron en contra del arancelamiento a extranjeros en las atenciones m\u00e9dicas.\n<\/p>\n<p>Este colectivo, nucleado principalmente en el GIGAT, Grupo de Investigaci\u00f3n Geograf\u00eda Acci\u00f3n y Territorio (Universidad Nacional de la Patagonia San Juan Boco, miembro de CLACSO) redact\u00f3 un documento titulado <strong>&#8220;Salud sin fronteras&#8221;<\/strong>, en el que denunci\u00f3 <i>&#8220;la iniciativa provincial del Gobierno de Chubut para arancelar el acceso a la Salud e los extranjeros; omitiendo de lleno el art\u00edculo 20\u00ba de la Constituci\u00f3n Nacional y Tratados Internacionales&#8221;<i>.\n<\/p>\n<p>Tal como confirm\u00f3 este Grupo, <i>&#8220;El documento &#8220;Salud sin fronteras&#8221;, redactado por docentes, investigadores y estudiantes, fue publicado a trav\u00e9s de las redes sociales y en medios gr\u00e1ficos de la ciudad el d\u00eda martes 31 de mayo. Alcanz\u00f3 gran repercusi\u00f3n p\u00fablica durante el d\u00eda mi\u00e9rcoles, tanto en medios radiales, televisivos y gr\u00e1ficos, as\u00ed como en las redes sociales, lugar desde donde se dejaron registros de las m\u00e1s de doscientas intervenciones en contra de lo manifestado en el documento.<br \/>\n<\/br>Pero en paralelo se recibieron -de distintos puntos del pa\u00eds- adhesiones al Documento \u00a8Salud sin fronteras\u00a8. Es de destacar que a medida que el documento tom\u00f3 estado p\u00fablico, acercaron adhesiones docentes, investigadores de la UNPSJB, como de Universidad Nacional de La Plata, C\u00e1tedra Trabajo Social I; Seminario de Intervenci\u00f3n en lo Social de la UBA; Centro de Investigaci\u00f3n CENPAT; Representantes de la CTA; Colectivo Margen; IILPAT; as\u00ed como el reconocido sanitarista Jos\u00e9 Carlos Escudero; para destacar algunas de las adhesiones recibidas.<br \/>\n<\/br>Los referentes de las instituciones mencionadas pertenecen a diversas redes que tienen y promueven como pr\u00e1ctica la defensa de derechos sociales y humanos<\/i>.\n<\/p>\n<p><strong>El pronunciamiento<\/strong><br \/>\n<\/br>A continuaci\u00f3n se acompa\u00f1a el texto completo del documento del GIGAT, que puede ser consultado para adherir en l\u00ednea en: <a href=\"https:\/\/docs.google.com\/forms\/d\/1zQrSwGBJObS99puh1rG6CaV0tH0LqKwAl1EwEMBSYQ0\/viewform?c=0&#038;w=1\" target=\"_blank\" rel=\"noopener\">https:\/\/docs.google.com\/forms\/d\/1zQrSwGBJObS99puh1rG6CaV0tH0LqKwAl1EwEMBSYQ0\/viewform?c=0&#038;w=1<\/a>:\n<\/p>\n<p><center><\/p>\n<table width=\"90%\" align=\"center\" cellpadding=\"2\" cellspacing=\"2\" border=\"0\" bgcolor=\"#f5f5f5\">\n<tr>\n<td>\n<table width=\"100%\" cellpadding=\"2\" cellspacing=\"2\" border=\"0\">\n<tr>\n<td><font face=\"Verdana, Arial\" SIZE=\"3pt\" color=\"#000000\"><i><strong>Por un derecho a la salud sin fronteras<\/strong><\/font><br \/>\n<\/br><font face=\"Verdana, Arial\" SIZE=\"2pt\" color=\"#000000\">Docentes, investigadores sociales y estudiantes de la Universidad Nacional de la Patagonia San Juan Bosco, se pronuncian en contra del arancelamiento a la salud para personas extranjeras.<\/p>\n<p>Entre los d\u00edas 22 y 23 de mayo, en la ciudad de Comodoro Rivadavia, circul\u00f3 por distintos medios de comunicaci\u00f3n, la noticia de que un grupo conformado por autoridades del Hospital Regional de la ciudad junto a distintos funcionarios p\u00fablicos, se encuentran analizando la posibilidad de cobrar un arancel a personas extranjeras por el uso del servicio de salud p\u00fablica.<br \/>\nAnte la posibilidad de que este proyecto naciente siga adelante, desde distintos espacios de la Universidad Nacional de la Patagonia San Juan Bosco en los que se investigan problem\u00e1ticas sociales, sentimos la responsabilidad de manifestar ciertos aspectos que no son tenidos en cuenta a la hora de expresarse tan livianamente sobre el derecho a la salud.\n<\/p>\n<p>En primer lugar, en caso de que se lleve adelante este proyecto tan vagamente detallado, los funcionarios involucrados estar\u00edan vulnerando el Derecho Humano al acceso a la salud sin restricciones, establecido en la Declaraci\u00f3n Universal de los Derechos del Hombre de la ONU de 1948, y a los derechos que poseen los grupos extranjeros en nuestro pa\u00eds de acuerdo a los art\u00edculos 6\u00b0 y 8\u00b0 de la Ley Nacional N\u00b0 25871. Esta ley, sancionada en el a\u00f1o 2003 y promulgada en el 2004, signific\u00f3 un claro avance en la materia, marcando un antes y un despu\u00e9s en cuanto a los derechos de los grupos migrantes, reemplazando a la ley entonces vigente, conocida como \u201cLey Videla\u201d, de la \u00e9poca de la \u00faltima dictadura c\u00edvico-militar. Adem\u00e1s, esto se replica dentro de nuestro territorio provincial, en donde la Constituci\u00f3n, en su Art\u00edculo 6\u00ba se expresa &#8220;No se dictar\u00e1n leyes o reglamentos que disminuyan la condici\u00f3n del extranjero ni que lo obliguen a mayor contribuci\u00f3n fiscal que la impuesta a los nacionales&#8221;.\n<\/p>\n<p>Por otra parte, es de p\u00fablico conocimiento que nuestro Hospital Regional sufre una profunda crisis. La explicaci\u00f3n brindada en los art\u00edculos publicados, apunta a vincular el origen de esta situaci\u00f3n con las personas que llegan de otros pa\u00edses, sobre todo lim\u00edtrofes. Estas afirmaciones omiten an\u00e1lisis cr\u00edticos de una realidad mucho m\u00e1s profunda y compleja, instalando y reavivando el odio a personas solo por su origen. Este tipo de declaraciones y acciones por parte de algunos funcionarios p\u00fablicos, dificulta profundamente la b\u00fasqueda de estrategias ya que desv\u00edan de manera deliberada el eje de la discusi\u00f3n, ocultando los m\u00faltiples motivos que desde hace a\u00f1os han provocado el vaciamiento de la salud p\u00fablica y excusando al Estado de su responsabilidad de garantizar y defender el derecho a la salud.\n<\/p>\n<p>Por \u00faltimo, en la historia de la ciudad, muchas veces los vaivenes econ\u00f3micos, propios de la producci\u00f3n petrolera, nos han llevado a \u00e9pocas de bonanza y a otras de mayores dificultades. Coincide que es en estas situaciones de crisis cuando se reavivan los prejuicios hacia los grupos migrantes, estigmatiz\u00e1ndolos, fomentando la violencia y alentando la xenofobia. La inflaci\u00f3n, los tarifazos, los despidos y los recortes presupuestarios profundizan las desigualdades sociales. Si adem\u00e1s, se realizan este tipo de declaraciones por parte de funcionarios p\u00fablicos, se est\u00e1 legitimando la exclusi\u00f3n social. Desde la Universidad Nacional de la Patagonia San Juan Bosco docentes e investigadores hemos instalado en la agenda acad\u00e9mica, pero tambi\u00e9n en la agenda p\u00fablica, la tem\u00e1tica de la discriminaci\u00f3n y xenofobia, que se agrava en distintos \u00e1mbitos p\u00fablicos vinculada a la violencia en sus distintas expresiones. Por eso sentimos la responsabilidad de hacer estos se\u00f1alamientos a la hora de diagramar pol\u00edticas p\u00fablicas, cuyo fundamento debe ser consecuencia de un an\u00e1lisis m\u00e1s profundo.\n<\/p>\n<p>Creemos que es responsabilidad del Estado tanto garantizar el libre acceso de toda la comunidad a la salud p\u00fablica como brindar un servicio de calidad (infraestructura, insumos, recursos humanos, etc.), es en ese sentido que deber\u00edan estar orientadas las pol\u00edticas destinadas a revertir la crisis del Hospital Regional y de la Salud P\u00fablica en general.<br \/>\n<\/br>Deber\u00eda ser esta \u00e9poca una oportunidad para reconocernos como sociedad heterog\u00e9nea, diversa en su composici\u00f3n originaria y actual, apuntando a crecer como comunidad, en donde el acceso a la salud no sea solo un privilegio de algunos sino el derecho de todos los habitantes que pisan este suelo. Construir entre todos un Comodoro m\u00e1s equitativo, inclusivo y solidario es el desaf\u00edo sin fronteras que nos debemos proponer.<\/p>\n<p>GIGAT \u2013 Grupo de Investigaci\u00f3n de Geograf\u00eda, Acci\u00f3n y Territorio (FHCS-UNPSJB)<\/i><br \/>\n<\/br><a href=\"http:\/\/www.geografiayaccion.org\" target=\"_blank\" rel=\"noopener\">www.geografiayaccion.org<\/a><\/td>\n<\/tr>\n<\/table>\n<\/td>\n<\/tr>\n<\/table>\n<p><\/center><br \/>\n<\/br><\/p>\n<p><font face=\"Verdana, Arial\" SIZE=\"3pt\" color=\"#000000\"><strong>Aclaraci\u00f3n<\/strong><\/font><br \/>\n<\/br><\/p>\n<table width=\"320\" align=\"right\" cellpadding=\"2\" cellspacing=\"2\" border=\"0\">\n<tr>\n<td>\n<table width=\"300\" cellpadding=\"2\" cellspacing=\"2\" border=\"0\">\n<tr>\n<td align=\"center\"><img decoding=\"async\" src=\"http:\/\/www.margen.org\/wp\/imagenes\/reunion_gigat1.jpg\" alt=\"El diputado Gustavo Fita reunido con parte del Grupo GIGAT\" \/><\/td>\n<\/tr>\n<tr>\n<td><font face=\"Arial, Verdana\" SIZE=\"1pt\" color=\"#000000\"><\/font><i><b>El diputado Gustavo Fita reunido con parte del Grupo GIGAT<\/b><\/i><\/font><\/td>\n<\/tr>\n<\/table>\n<\/td>\n<\/tr>\n<\/table>\n<p><font face=\"Verdana, Arial\" SIZE=\"2pt\" color=\"#000000\">Parte del grupo GIGAT se reuni\u00f3 el 3 de junio con el diputado provincial (FPV) Gustavo Fita, quien se desempe\u00f1a como presidente de la Comisi\u00f3n de Salud de la C\u00e1mara de Diputados Provincial.\n<\/p>\n<p>Tal como informaron, &#8220;la reuni\u00f3n se realiz\u00f3 en el Instituto de Geograf\u00eda Patag\u00f3nica (IGEOPAT) el viernes 3 de junio (2016). Participaron de la reuni\u00f3n Dr. Juan Manuel Diez Tetamanti (GIGAT-IGEOPAT); Dra. Br\u00edgida Baeza (IESyPat); Prof. Letizia Vazquez (GIGAT-IESyPat), Dra. Beatriz Escudero (GIGAT-IGEOPAT) y Gustavo Fita (Diputado provincial) y su equipo conformado por Cristian Levicoy y Soledad Garmendia.\n<\/p>\n<p>La reuni\u00f3n, que se extendi\u00f3 por m\u00e1s de dos horas, permiti\u00f3 un intercambio de informaci\u00f3n&#8230;\n<\/p>\n<p>En este intercambio de posiciones y de informaci\u00f3n, el diputado Fita manifest\u00f3 que desde la Comisi\u00f3n de Salud de la C\u00e1mara de Diputados Provincial <strong>no existe ni existi\u00f3 intenci\u00f3n de realizar cobro a los extranjeros por los servicios de salud<\/strong>; que existen una serie de puntos sobre los cuales est\u00e1n trabajando, pero que esta expresi\u00f3n no corresponde a lo tratado en reuniones.\n<\/p>\n<p>Inform\u00f3 adem\u00e1s que -en la \u00faltima semana del mes de mayo- la provincia del Chubut aprob\u00f3 la Ley de Bio\u00e9tica y que tales expresiones -sobre el cobro a extranjeros- ir\u00edan en contra de la reciente aprobaci\u00f3n.\n<\/p>\n<p>De igual modo manifest\u00f3 que se evidencia una mala interpretaci\u00f3n y\/o difusi\u00f3n de una serie de puntos que se est\u00e1n trabajando desde la Comisi\u00f3n conformada por Diputados provinciales, concejales y representantes del Hospital Regional, en los que se aborda la problem\u00e1tica de salud desde distintas aristas, que incluyen puntos que es de p\u00fablico conocimiento: falta de insumos b\u00e1sicos, instalaciones precarias, deudas que mantienen las Obras Sociales (en su mayor\u00eda se registran pagos a 90 d\u00edas), derivaciones que se realizan desde las cl\u00ednicas privadas cuyos aranceles triplican los costos que tiene la prestaci\u00f3n del servicio p\u00fablico, etc.\n<\/p>\n<p>Quienes participamos de la reuni\u00f3n expresamos que las declaraciones realizadas por distintos funcionarios p\u00fablicos alimentan manifestaciones virulentas sobre las representaciones de los extranjeros, recayendo en general sobre los migrantes lim\u00edtrofes y\/o aquellos provenientes de Bolivia y Paraguay. Que desde los grupos de investigaci\u00f3n y de extensi\u00f3n se viene trabajando en distintas instancias, tanto de capacitaci\u00f3n como de investigaci\u00f3n aplicada, para realizar aportes sustanciales que contribuyan a procesos de integraci\u00f3n intercultural, sobre la base de la historia que tiene la ciudad y la Patagonia, configurada por una diversidad de corrientes migratorias.\n<\/p>\n<p>Sobre el tema en particular, referido al arancelamiento, se aclar\u00f3 que no existe intenci\u00f3n de cobrar a los extranjeros, sino que se est\u00e1 pensando en un arancelamiento de prestaciones de alta complejidad sobre casos especiales, pero que el tema exige un abordaje institucional donde est\u00e1n incluidos los Consulados, a partir de pensar firma de convenios espec\u00edficos.\n<\/p>\n<p>Concluida la reuni\u00f3n los participantes acordaron continuar y avanzar en el intercambio de informaci\u00f3n y en el asesoramiento sobre la tem\u00e1tica.&#8221;<\/i><br \/>\n<\/br><\/p>\n<p><strong>SITUACI\u00d3N DE ALERTA<\/strong><br \/>\n<\/br>El GIGAT ha recibido numerosos mensajes de adhesi\u00f3n a su propuesta de movilizarse a favor de la defensa de los Derechos Humanos y mantenerse en estado de alerta con la convicci\u00f3n de seguir trabajando con las organizaciones, funcionarios y pol\u00edticos y miembros de la comunidad.<br \/>\n\/p>La propuesta es <strong>&#8220;permanecer atentos ante cualquier tipo de nueva iniciativa al respecto analizar la posibilidad de abrir un espacio de seguimiento y alerta, en el que se puedan seguir los procesos de lucha de este tipo&#8221;<\/strong>. <\/font><br \/>\n<\/br><\/p>\n","protected":false},"excerpt":{"rendered":"<p>El 23 de mayo de 2016, algunos medios difundieron la idea planteada en \u00e1mbitos legislativos de la provincia de Chubut acerca de la intenci\u00f3n de modificar la ley provincial para permitir el arancelamiento de prestaciones de salud a extranjeros, o bien que los pa\u00edses lim\u00edtrofes (espec\u00edficamente Chile), a trav\u00e9s de sus embajadas, solventaran las intervenciones [&hellip;]<\/p>\n","protected":false},"author":1,"featured_media":0,"comment_status":"open","ping_status":"closed","sticky":false,"template":"","format":"standard","meta":{"footnotes":""},"categories":[5],"tags":[],"class_list":["post-2408","post","type-post","status-publish","format-standard","hentry","category-comunicados"],"_links":{"self":[{"href":"https:\/\/www.coopmargen.ar\/wp\/index.php?rest_route=\/wp\/v2\/posts\/2408","targetHints":{"allow":["GET"]}}],"collection":[{"href":"https:\/\/www.coopmargen.ar\/wp\/index.php?rest_route=\/wp\/v2\/posts"}],"about":[{"href":"https:\/\/www.coopmargen.ar\/wp\/index.php?rest_route=\/wp\/v2\/types\/post"}],"author":[{"embeddable":true,"href":"https:\/\/www.coopmargen.ar\/wp\/index.php?rest_route=\/wp\/v2\/users\/1"}],"replies":[{"embeddable":true,"href":"https:\/\/www.coopmargen.ar\/wp\/index.php?rest_route=%2Fwp%2Fv2%2Fcomments&post=2408"}],"version-history":[{"count":7,"href":"https:\/\/www.coopmargen.ar\/wp\/index.php?rest_route=\/wp\/v2\/posts\/2408\/revisions"}],"predecessor-version":[{"id":4962,"href":"https:\/\/www.coopmargen.ar\/wp\/index.php?rest_route=\/wp\/v2\/posts\/2408\/revisions\/4962"}],"wp:attachment":[{"href":"https:\/\/www.coopmargen.ar\/wp\/index.php?rest_route=%2Fwp%2Fv2%2Fmedia&parent=2408"}],"wp:term":[{"taxonomy":"category","embeddable":true,"href":"https:\/\/www.coopmargen.ar\/wp\/index.php?rest_route=%2Fwp%2Fv2%2Fcategories&post=2408"},{"taxonomy":"post_tag","embeddable":true,"href":"https:\/\/www.coopmargen.ar\/wp\/index.php?rest_route=%2Fwp%2Fv2%2Ftags&post=2408"}],"curies":[{"name":"wp","href":"https:\/\/api.w.org\/{rel}","templated":true}]}}