{"id":2416,"date":"2016-08-10T15:27:13","date_gmt":"2016-08-10T18:27:13","guid":{"rendered":"http:\/\/www.margen.org\/wp\/?p=2416"},"modified":"2022-05-03T14:49:00","modified_gmt":"2022-05-03T17:49:00","slug":"concurso-informes-sociales-forenses","status":"publish","type":"post","link":"https:\/\/www.coopmargen.ar\/wp\/?p=2416","title":{"rendered":"Concurso Informes Sociales Forenses"},"content":{"rendered":"<p><font face=\"Verdana, Arial\" SIZE=\"2pt\" color=\"#000000\">Con el auspicio de la Federaci\u00f3n Argentina de Asociaciones Profesionales de Servicio Social (FAAPSS), la Especializaci\u00f3n en Trabajo Social Forense (FADECS &#8211; UNCOMA) y Cuesti\u00f3n Social (Portal de Contribuciones al Campo de las Ciencias Sociales) convocan a participar del <strong>\u201cPrimer Concurso Nacional de Informes Sociales Forenses\u201d<\/strong>.\n  <\/p>\n<p>La invitaci\u00f3n est\u00e1 dirigida a Trabajadora\/es Sociales, en actividad o jubilado\/as, con domicilio en Argentina, constituyendo una interesante ocasi\u00f3n para realizar aportes a este campo de intervenci\u00f3n profesional.<br \/>\n   <\/br>La convocatoria incluye no s\u00f3lo la presentaci\u00f3n de Informes producidos en contextos estrictamente judiciales, sino a todos aquellos que tengan como referencia la existencia de un conflicto sociojur\u00eddico (informes producidos en los \u00f3rganos administrativos, por ejemplo) o se desempe\u00f1en en \u00e1reas sensibles a la vulneraci\u00f3n de derechos (ni\u00f1ez, salud, tercera edad, diversidad sexual, etc.).<br \/>\n <\/br>Las bases est\u00e1n disponibles en <a href=\"http:\/\/www.cuestionsocial.com.ar\/noticia.php?id=32\" target=\"blanK\" rel=\"noopener\">www.cuestionsocial.com.ar\/noticia.php?id=32<\/a> o bien solicit\u00e1ndolas por correo electr\u00f3nico a <a href=\"Mailto:concursoisf@outlook.com.ar\">concursoisf@outlook.com.ar<\/a><br \/>\n <\/br>La fecha de cierre de presentaci\u00f3n de los trabajos es el 19 de agosto de 2016<\/font><\/p>\n","protected":false},"excerpt":{"rendered":"<p>Con el auspicio de la Federaci\u00f3n Argentina de Asociaciones Profesionales de Servicio Social (FAAPSS), la Especializaci\u00f3n en Trabajo Social Forense (FADECS &#8211; UNCOMA) y Cuesti\u00f3n Social (Portal de Contribuciones al Campo de las Ciencias Sociales) convocan a participar del \u201cPrimer Concurso Nacional de Informes Sociales Forenses\u201d. La invitaci\u00f3n est\u00e1 dirigida a Trabajadora\/es Sociales, en actividad [&hellip;]<\/p>\n","protected":false},"author":1,"featured_media":0,"comment_status":"open","ping_status":"closed","sticky":false,"template":"","format":"standard","meta":{"footnotes":""},"categories":[9],"tags":[],"class_list":["post-2416","post","type-post","status-publish","format-standard","hentry","category-becas-y-concursos"],"_links":{"self":[{"href":"https:\/\/www.coopmargen.ar\/wp\/index.php?rest_route=\/wp\/v2\/posts\/2416","targetHints":{"allow":["GET"]}}],"collection":[{"href":"https:\/\/www.coopmargen.ar\/wp\/index.php?rest_route=\/wp\/v2\/posts"}],"about":[{"href":"https:\/\/www.coopmargen.ar\/wp\/index.php?rest_route=\/wp\/v2\/types\/post"}],"author":[{"embeddable":true,"href":"https:\/\/www.coopmargen.ar\/wp\/index.php?rest_route=\/wp\/v2\/users\/1"}],"replies":[{"embeddable":true,"href":"https:\/\/www.coopmargen.ar\/wp\/index.php?rest_route=%2Fwp%2Fv2%2Fcomments&post=2416"}],"version-history":[{"count":3,"href":"https:\/\/www.coopmargen.ar\/wp\/index.php?rest_route=\/wp\/v2\/posts\/2416\/revisions"}],"predecessor-version":[{"id":4961,"href":"https:\/\/www.coopmargen.ar\/wp\/index.php?rest_route=\/wp\/v2\/posts\/2416\/revisions\/4961"}],"wp:attachment":[{"href":"https:\/\/www.coopmargen.ar\/wp\/index.php?rest_route=%2Fwp%2Fv2%2Fmedia&parent=2416"}],"wp:term":[{"taxonomy":"category","embeddable":true,"href":"https:\/\/www.coopmargen.ar\/wp\/index.php?rest_route=%2Fwp%2Fv2%2Fcategories&post=2416"},{"taxonomy":"post_tag","embeddable":true,"href":"https:\/\/www.coopmargen.ar\/wp\/index.php?rest_route=%2Fwp%2Fv2%2Ftags&post=2416"}],"curies":[{"name":"wp","href":"https:\/\/api.w.org\/{rel}","templated":true}]}}