{"id":2470,"date":"2017-06-12T07:39:01","date_gmt":"2017-06-12T10:39:01","guid":{"rendered":"http:\/\/www.margen.org\/wp\/?p=2470"},"modified":"2022-05-03T14:45:10","modified_gmt":"2022-05-03T17:45:10","slug":"2a-jornada-de-investigacion-en-salud-mental-y-adicciones","status":"publish","type":"post","link":"https:\/\/www.coopmargen.ar\/wp\/?p=2470","title":{"rendered":"2\u00aa Jornada de Investigaci\u00f3n en Salud Mental y Adicciones"},"content":{"rendered":"<p><font face=\"Verdana, Arial\" SIZE=\"2pt\" color=\"#000000\">Organiza: Hospital Nacional de Salud Mental y Adicciones &#8221;Lic. Laura Bonaparte&#8221;<br \/>\n<br \/>Viernes 16 de junio, 9:00 a 18:00. Combate de los Pozos 2133, Ciudad Aut\u00f3noma de Buenos Aires.<br \/>\n<br \/>La 2\u00aa Jornada de Investigaci\u00f3n en Salud Mental y Adicciones se propone instalar un espacio de reflexi\u00f3n y an\u00e1lisis sobre las patolog\u00edas del consumo problem\u00e1tico. Al final de la misma, se presentar\u00e1 el libro \u201cExperiencias en investigaci\u00f3n en el campo de los consumos problem\u00e1ticos de sustancias: aportes para pensar las pr\u00e1cticas\u201d que compila los 13 trabajos de investigaci\u00f3n desarrollados en el marco del Programa Becas 2015-2016 del Hospital Nacional de Salud Mental y Adicciones \u201cLic. Laura Bonaparte\u201d.<\/font><\/p>\n<p><!--more--><br \/>\n<br \/><font face=\"Verdana, Arial\" SIZE=\"2pt\" color=\"#000000\">Los ejes tem\u00e1ticos planteados en esta edici\u00f3n son los siguientes:<br \/>\n<\/p>\n<ul>\n<li> <i>&#8211; Nuevos desaf\u00edos en la cl\u00ednica de los consumos problem\u00e1ticos.<\/li>\n<p><\/p>\n<li> &#8211; El paradigma de la complejidad: factores que intervienen en el proceso de salud \u2013 enfermedad \u2013 atenci\u00f3n.<\/li>\n<p><\/p>\n<li> &#8211; Perspectivas de an\u00e1lisis e intervenci\u00f3n en territorios relegados.<\/li>\n<\/ul>\n<p><\/i><br \/>\n<br \/>Se presentar\u00e1 el libro <strong>\u201cExperiencias en investigaci\u00f3n en el campo de los consumos problem\u00e1ticos de sustancias: aportes para pensar las pr\u00e1cticas\u201d<\/strong> que compila los 13 trabajos de investigaci\u00f3n desarrollados en el marco del Programa Becas 2015-2016 del Hospital Nacional de Salud Mental y Adicciones \u201cLic. Laura Bonaparte\u201d.<\/p>\n<p>La actividad es presencial y no arancelada.Viernes 16 de junio, 9 a 18 horas. Combate de los Pozos 2133, Ciudad Aut\u00f3noma de Buenos Aires.<\/p>\n<p>La inscripci\u00f3n para asistir se realiza v\u00eda Internet. <a href=\"https:\/\/formacion.cenareso.gob.ar\/formulario?edicion=58eb7c38a6b0460c00d6af97\" target=\"blank\" rel=\"noopener\">Acceder al Formulario Inscripci\u00f3n<\/a>.<\/p>\n<p>Se encuentra disponible el Programa 2a Jornada de Investigaci\u00f3n. <a href=\"https:\/\/cenareso.gob.ar\/wp-content\/uploads\/2017\/04\/Programa-2a-Jornada-de-Investigaci%C3%B3n.pdf\" target=\"_blank\" rel=\"noopener\">Digite en este enlace<\/a><\/p>\n<p>Para los agentes pertenecientes al SINEP y al 1133 la actividad ser\u00e1 presentada ante el Instituto Nacional de Administraci\u00f3n P\u00fablica y otorgar\u00e1 cr\u00e9ditos de capacitaci\u00f3n.<\/p>\n<p>Para m\u00e1s informaci\u00f3n, escriba a <a href=\"mailto:investigacion@cenareso.gob.ar\">investigacion@cenareso.gov.ar<\/a> o llame al 011-4305-0091 al 96 int. 1141.<\/font><\/p>\n","protected":false},"excerpt":{"rendered":"<p>Organiza: Hospital Nacional de Salud Mental y Adicciones &#8221;Lic. Laura Bonaparte&#8221; Viernes 16 de junio, 9:00 a 18:00. Combate de los Pozos 2133, Ciudad Aut\u00f3noma de Buenos Aires. La 2\u00aa Jornada de Investigaci\u00f3n en Salud Mental y Adicciones se propone instalar un espacio de reflexi\u00f3n y an\u00e1lisis sobre las patolog\u00edas del consumo problem\u00e1tico. Al final [&hellip;]<\/p>\n","protected":false},"author":1,"featured_media":0,"comment_status":"open","ping_status":"closed","sticky":false,"template":"","format":"standard","meta":{"footnotes":""},"categories":[1],"tags":[],"class_list":["post-2470","post","type-post","status-publish","format-standard","hentry","category-info-actividad"],"_links":{"self":[{"href":"https:\/\/www.coopmargen.ar\/wp\/index.php?rest_route=\/wp\/v2\/posts\/2470","targetHints":{"allow":["GET"]}}],"collection":[{"href":"https:\/\/www.coopmargen.ar\/wp\/index.php?rest_route=\/wp\/v2\/posts"}],"about":[{"href":"https:\/\/www.coopmargen.ar\/wp\/index.php?rest_route=\/wp\/v2\/types\/post"}],"author":[{"embeddable":true,"href":"https:\/\/www.coopmargen.ar\/wp\/index.php?rest_route=\/wp\/v2\/users\/1"}],"replies":[{"embeddable":true,"href":"https:\/\/www.coopmargen.ar\/wp\/index.php?rest_route=%2Fwp%2Fv2%2Fcomments&post=2470"}],"version-history":[{"count":11,"href":"https:\/\/www.coopmargen.ar\/wp\/index.php?rest_route=\/wp\/v2\/posts\/2470\/revisions"}],"predecessor-version":[{"id":4958,"href":"https:\/\/www.coopmargen.ar\/wp\/index.php?rest_route=\/wp\/v2\/posts\/2470\/revisions\/4958"}],"wp:attachment":[{"href":"https:\/\/www.coopmargen.ar\/wp\/index.php?rest_route=%2Fwp%2Fv2%2Fmedia&parent=2470"}],"wp:term":[{"taxonomy":"category","embeddable":true,"href":"https:\/\/www.coopmargen.ar\/wp\/index.php?rest_route=%2Fwp%2Fv2%2Fcategories&post=2470"},{"taxonomy":"post_tag","embeddable":true,"href":"https:\/\/www.coopmargen.ar\/wp\/index.php?rest_route=%2Fwp%2Fv2%2Ftags&post=2470"}],"curies":[{"name":"wp","href":"https:\/\/api.w.org\/{rel}","templated":true}]}}