{"id":2480,"date":"2017-07-06T12:01:49","date_gmt":"2017-07-06T15:01:49","guid":{"rendered":"http:\/\/www.margen.org\/wp\/?p=2480"},"modified":"2022-05-03T14:46:14","modified_gmt":"2022-05-03T17:46:14","slug":"algunas-reflexiones-sobre-latinoamerica-hoy-editorial-margen-n-85","status":"publish","type":"post","link":"https:\/\/www.coopmargen.ar\/wp\/?p=2480","title":{"rendered":"Algunas reflexiones  sobre Latinoam\u00e9rica hoy (Editorial Margen N\u00b0 85)"},"content":{"rendered":"<p><font face=\"Verdana, Arial\" SIZE=\"2pt\" color=\"#000000\">Por Alfredo Juan Manuel Carballeda<br \/>\n  <br \/>La crisis por la que atraviesa el capitalismo en todo el mundo golpea a nuestro continente de manera singular. Genera inestabilidad pol\u00edtica, social, incremento de la desigualdad y una extra\u00f1a multiplicaci\u00f3n de gobiernos que son directamente gerentes de los intereses del capital financiero.<br \/>\n  <br \/>Las corporaciones medi\u00e1ticas han secuestrado a la verdad, la maltratan, manipulan y torturan, para luego matarla a trav\u00e9s de m\u00faltiples formadores de opini\u00f3n, sustituy\u00e9ndola por una afirmaci\u00f3n  diferente d\u00eda a d\u00eda, seg\u00fan sus intereses y los del mercado.<br \/>\n<br \/>\n <!--more--><br \/>\n<\/p>\n<div align=\"right\">\n<blockquote><p><font face=\"Verdana, Arial\" SIZE=\"2pt\" color=\"#000000\"><i>\u201cTodo pueblo colonizado -es decir, todo pueblo en cuyo seno haya nacido un complejo de inferioridad a consecuencia del enterramiento de la originalidad cultural local- se sit\u00faa siempre, se encara, en relaci\u00f3n con la lengua de la naci\u00f3n civilizadora, es decir, de la cultura metropolitana.\u201d<br \/>\n<br \/><b>Frantz Fanon<\/b><\/i><\/p>\n<blockquote><\/div>\n<p>El Poder Judicial se encuentra a veces acorralado, otras veces c\u00f3mplice, y en algunos casos luchando en soledad. Pareciera que un supuesto triunfo de la desigualdad nos acorrala generando angustia y desolaci\u00f3n. <\/p>\n<p>Los poderes econ\u00f3micos ya no ocultan su inmoralidad y su cinismo. Emborrachados de obscenidad y codicia destruyen a la sociedad, ahora s\u00f3lo tal vez por el placer que les genera el dolor del Otro. O promueven su imposible desaparici\u00f3n. <\/p>\n<p>As\u00ed lentamente, tambi\u00e9n van encegueciendo, perdiendo el contacto con la realidad y tratando de imponer -a trav\u00e9s del terrorismo de mercado y de Estado- un orden que  se siente en los cuerpos.<br \/>\n<br \/>La pol\u00edtica y la ideolog\u00eda -como \u00fanicas v\u00edas de salida posible de este proceso de dominaci\u00f3n- son desprestigiadas por los amantes del odio y el dinero, sojuzgando pero a la vez construyendo su propio laberinto, el que que pareciera que va lentamente dirigi\u00e9ndose hacia su propia implosi\u00f3n.  Emborrachados de codicia tienden a enceguecer y, a veces, a luchar como cuervos entre ellos.<\/p>\n<p>Quiz\u00e1 estos momentos sean \u00fatiles para visibilizar que no necesitamos \u201ccapitales\u201d ni \u201csaberes\u201d externos para \u201cdesarrollarnos\u201d, que podemos terminar con la desigualdad aprendiendo y seleccionando lo que nos conviene desde nuestra propia memoria hist\u00f3rica, en forma colectiva  y solidaria. Que en el campo del Trabajo Social y las Ciencias Sociales debemos mirar nuestras realidades, nuestra historia, nuestra propia construcci\u00f3n de conocimiento y, desde all\u00ed, generar un giro cultural que nos haga salir de la ceguera que producen las nuevas-viejas formas de dominaci\u00f3n. <\/p>\n<p>Derrotar al colonizador, al dominador que llevamos dentro, implica reconocerlo, visibilizarlo y extirparlo; pero ese procedimiento s\u00f3lo se hace con Otros, desde lo hist\u00f3rico, desde lo colectivo.<br \/>\n<br \/>Salirnos de los l\u00edmites que nos impone una subjetividad colonizada es tal vez una de las tareas de un Trabajo Social Implicado, consecuente y comprometido con el mundo que le toca vivir.<\/p>\n<p>Publicado en la <a href=\"http:\/\/www.margen.org\/suscri\/numero85.html\" target=\"_blank\" rel=\"noopener\">Revista Margen N\u00b0 85<\/a><\/font><\/p>\n","protected":false},"excerpt":{"rendered":"<p>Por Alfredo Juan Manuel Carballeda La crisis por la que atraviesa el capitalismo en todo el mundo golpea a nuestro continente de manera singular. Genera inestabilidad pol\u00edtica, social, incremento de la desigualdad y una extra\u00f1a multiplicaci\u00f3n de gobiernos que son directamente gerentes de los intereses del capital financiero. Las corporaciones medi\u00e1ticas han secuestrado a la [&hellip;]<\/p>\n","protected":false},"author":1,"featured_media":0,"comment_status":"open","ping_status":"closed","sticky":false,"template":"","format":"standard","meta":{"footnotes":""},"categories":[2],"tags":[],"class_list":["post-2480","post","type-post","status-publish","format-standard","hentry","category-la-cuestion-social"],"_links":{"self":[{"href":"https:\/\/www.coopmargen.ar\/wp\/index.php?rest_route=\/wp\/v2\/posts\/2480","targetHints":{"allow":["GET"]}}],"collection":[{"href":"https:\/\/www.coopmargen.ar\/wp\/index.php?rest_route=\/wp\/v2\/posts"}],"about":[{"href":"https:\/\/www.coopmargen.ar\/wp\/index.php?rest_route=\/wp\/v2\/types\/post"}],"author":[{"embeddable":true,"href":"https:\/\/www.coopmargen.ar\/wp\/index.php?rest_route=\/wp\/v2\/users\/1"}],"replies":[{"embeddable":true,"href":"https:\/\/www.coopmargen.ar\/wp\/index.php?rest_route=%2Fwp%2Fv2%2Fcomments&post=2480"}],"version-history":[{"count":11,"href":"https:\/\/www.coopmargen.ar\/wp\/index.php?rest_route=\/wp\/v2\/posts\/2480\/revisions"}],"predecessor-version":[{"id":4959,"href":"https:\/\/www.coopmargen.ar\/wp\/index.php?rest_route=\/wp\/v2\/posts\/2480\/revisions\/4959"}],"wp:attachment":[{"href":"https:\/\/www.coopmargen.ar\/wp\/index.php?rest_route=%2Fwp%2Fv2%2Fmedia&parent=2480"}],"wp:term":[{"taxonomy":"category","embeddable":true,"href":"https:\/\/www.coopmargen.ar\/wp\/index.php?rest_route=%2Fwp%2Fv2%2Fcategories&post=2480"},{"taxonomy":"post_tag","embeddable":true,"href":"https:\/\/www.coopmargen.ar\/wp\/index.php?rest_route=%2Fwp%2Fv2%2Ftags&post=2480"}],"curies":[{"name":"wp","href":"https:\/\/api.w.org\/{rel}","templated":true}]}}