{"id":2498,"date":"2017-07-17T15:39:22","date_gmt":"2017-07-17T18:39:22","guid":{"rendered":"http:\/\/www.margen.org\/wp\/?p=2498"},"modified":"2022-05-03T14:48:08","modified_gmt":"2022-05-03T17:48:08","slug":"derechos-de-los-ninos-en-chile-el-sename-como-caso-testigo","status":"publish","type":"post","link":"https:\/\/www.coopmargen.ar\/wp\/?p=2498","title":{"rendered":"Derechos de los Ni\u00f1os en Chile. El Sename como caso testigo"},"content":{"rendered":"<p><font face=\"Verdana, Arial\" SIZE=\"2pt\" color=\"#000000\">En abril de 2016 falleci\u00f3 la ni\u00f1a Lissette Villa (11 a\u00f1os) en el CREAD Galvarino (Centro de Reparaci\u00f3n Especializado de Administraci\u00f3n Directa) de la ciudad de Santiago, dependiente del Servicio Nacional de Menores de Chile (SENAME).<br \/>\n<br \/>Su muerte destap\u00f3 la terrible situaci\u00f3n a la que son sometidos miles de ni\u00f1os\/as de Chile y gener\u00f3 una crisis pol\u00edtica de envergadura.<br \/>\n<br \/>La estimaci\u00f3n es que en los \u00faltimos 10 a\u00f1os fallecieron m\u00e1s de 1.000 ni\u00f1os y adolescentes en distintos centros dependientes o supervisados por el Servicio Nacional de Menores. <\/p>\n<p>La muerte de Lissette conmocion\u00f3 a la sociedad chilena.<br \/>\n<br \/> <br \/>\n<!--more--><br \/>\n<br \/>La C\u00e1mara de Diputados conform\u00f3 una Comisi\u00f3n Investigadora que revel\u00f3 que se ejerce <strong>&#8220;violencia sistem\u00e1tica contra los ni\u00f1os y j\u00f3venes internados en las residencias de Sename y descarta que se traten de casos aislados&#8221;<\/strong>.<br \/>\n<br \/>La Comisi\u00f3n determin\u00f3 adem\u00e1s que<strong> &#8220;1 de cada 5 menores denunci\u00f3 maltrato f\u00edsico, lo que incluye apremios ileg\u00edtimos, tortura y agresiones. 1 de cada 7 ni\u00f1os denunci\u00f3 maltrato mental o sicol\u00f3gico, y finalmente, y uno de los resultados m\u00e1s demoledores, es que 1 de cada 15 ni\u00f1os denunci\u00f3 abuso o explotaci\u00f3n sexual dentro de los centros del Sename&#8221;<\/strong>.<br \/>\n<br \/>Fueron presentados varios proyectos para intervenir sobre la actuaci\u00f3n del Servicio Nacional de Menores (Sename), a todas luces responsable -en el marco de la pol\u00edtica de los distintos gobiernos- de la vulneraci\u00f3n de los Derechos de los ni\u00f1xs.<br \/>\n<br \/>\n<br clear=\"all\"><\/p>\n<table width=\"210\" cellpadding=\"4\" cellspacing=\"0\" border=\"0\" align=\"right\">\n<tr>\n<td align=\"right\">\n<table bgcolor=\"#f5f5f5\" width=\"190\" cellpadding=\"3\" cellspacing=\"0\" border=\"1\">\n<tr>\n<td><center><img loading=\"lazy\" decoding=\"async\" src=\"http:\/\/www.margen.org\/sename\/imagenes\/muertos.jpg\" width=\"180\" height=\"102\" alt=\"\"><\/center><\/td>\n<\/tr>\n<\/table>\n<\/td>\n<\/tr>\n<\/table>\n<p><strong>Nada ha cambiado<\/strong><br \/>\n<br \/>A pesar de las declamaciones, en febrero de este a\u00f1o (2017) muri\u00f3 un menor de 14 a\u00f1os en un Hogar de Punta de Tralca (Comuna de El Quisco, V Regi\u00f3n de Valpara\u00edso), perteneciente a la Fundaci\u00f3n Aldea de Ni\u00f1os Cardenal Ra\u00fal Silva Henr\u00edquez (Centro privado colaborador del Servicio Nacional de Menores).<br \/>\n<\/p>\n<p>\n<br clear=\"all\"><strong>Qu\u00e9 es el SENAME<\/strong><br \/>\n<br \/>Seg\u00fan plantea el Ministerio de Justicia y Derechos Humanos de Chile:<br \/>\n<\/p>\n<table width=\"210\" cellpadding=\"4\" cellspacing=\"0\" border=\"0\" align=\"right\">\n<tr>\n<td align=\"right\">\n<table bgcolor=\"#f5f5f5\" width=\"190\" cellpadding=\"3\" cellspacing=\"0\" border=\"1\">\n<tr>\n<td><center><img loading=\"lazy\" decoding=\"async\" src=\"http:\/\/www.margen.org\/sename\/imagenes\/sename2.jpg\" width=\"180\" height=\"103\" alt=\"\"><\/center><\/td>\n<\/tr>\n<\/table>\n<\/td>\n<\/tr>\n<\/table>\n<p><dir><em>&#8220;El Servicio Nacional de Menores (Sename) es un organismo del Estado que depende del Ministerio de Justicia. Su tarea es contribuir a proteger y promover los derechos de los ni\u00f1os, ni\u00f1as y adolescentes y a reinsertar en la sociedad a los adolescentes que han infringido la ley.<br \/>\n<br \/>Al Sename le corresponde crear y poner en funcionamiento programas especializados que atienden a los ni\u00f1os, ni\u00f1as y adolescentes cuyos derechos no han sido respetados y a los adolescentes que han cometido alg\u00fan delito. La mayor\u00eda de ellos son enviados a los centros y programas del Sename por los tribunales de justicia.<br \/>\n<br \/>Para cumplir con las tareas que le encarga la ley, el Sename tiene centros propios y otros que est\u00e1n a cargo de organismos privados que reciben recursos del Estado. El Sename supervisa a estos programas, para que cumplan con sus objetivos y usen los fondos seg\u00fan los compromisos adquiridos.<br \/>\n<\/p>\n<table width=\"210\" cellpadding=\"4\" cellspacing=\"0\" border=\"0\" align=\"right\">\n<tr>\n<td align=\"right\">\n<table bgcolor=\"#f5f5f5\" width=\"190\" cellpadding=\"3\" cellspacing=\"0\" border=\"1\">\n<tr>\n<td><center><img loading=\"lazy\" decoding=\"async\" src=\"http:\/\/www.margen.org\/sename\/imagenes\/sename3.jpg\" width=\"180\" height=\"135\" alt=\"\"><\/center><\/td>\n<\/tr>\n<\/table>\n<\/td>\n<\/tr>\n<\/table>\n<p>En algunas comunas, el Sename cuenta con Oficinas de Protecci\u00f3n de Derechos de la Infancia (OPD), que se financian junto con los municipios. Estas oficinas atienden a ni\u00f1os, ni\u00f1as y adolescentes cuyos derechos no han sido respetados y ayudan a buscar soluciones, con el apoyo de otros organismos comunitarios. Cualquier persona que conozca una situaci\u00f3n en que un ni\u00f1o(as) o adolescente est\u00e9 siendo da\u00f1ado, puede acercarse a una OPD&#8221;.<\/em><\/dir><br \/>\n<br \/>Margen entiende que el drama que vive la ni\u00f1ez no se circunscribe a Chile. Pero el caso chileno puede aportar elementos para  profundizar acerca de la Cuesti\u00f3n de la Ni\u00f1ez en nuestros pa\u00edses subdesarrollados.<br \/>\n<br \/>Por ello es que seleccionamos una serie de informes, art\u00edculos period\u00edsticos y notas de opini\u00f3n referidos al caso concreto del Servicio Nacional de Menores de Chile.<\/font><br \/>\n<br clear=\"all\"><\/p>\n<table align=\"right\">\n<tr>\n<td align=\"right\"><font face=\"Arial, Verdana\" SIZE=\"3pt\" color=\"#000000\"><a href=\"http:\/\/www.margen.org\/sename\/index.html\" target=\"_blank\" rel=\"noopener\">Digite este enlace para acceder al Dosier &#038;#187<\/a><\/td>\n<\/tr>\n<\/table>\n<p><br clear=\"all\"><\/p>\n<p> <\/FONT><\/p>\n","protected":false},"excerpt":{"rendered":"<p>En abril de 2016 falleci\u00f3 la ni\u00f1a Lissette Villa (11 a\u00f1os) en el CREAD Galvarino (Centro de Reparaci\u00f3n Especializado de Administraci\u00f3n Directa) de la ciudad de Santiago, dependiente del Servicio Nacional de Menores de Chile (SENAME). Su muerte destap\u00f3 la terrible situaci\u00f3n a la que son sometidos miles de ni\u00f1os\/as de Chile y gener\u00f3 una [&hellip;]<\/p>\n","protected":false},"author":1,"featured_media":0,"comment_status":"open","ping_status":"closed","sticky":false,"template":"","format":"standard","meta":{"footnotes":""},"categories":[7],"tags":[],"class_list":["post-2498","post","type-post","status-publish","format-standard","hentry","category-la-cuestion-de-la-ninez"],"_links":{"self":[{"href":"https:\/\/www.coopmargen.ar\/wp\/index.php?rest_route=\/wp\/v2\/posts\/2498","targetHints":{"allow":["GET"]}}],"collection":[{"href":"https:\/\/www.coopmargen.ar\/wp\/index.php?rest_route=\/wp\/v2\/posts"}],"about":[{"href":"https:\/\/www.coopmargen.ar\/wp\/index.php?rest_route=\/wp\/v2\/types\/post"}],"author":[{"embeddable":true,"href":"https:\/\/www.coopmargen.ar\/wp\/index.php?rest_route=\/wp\/v2\/users\/1"}],"replies":[{"embeddable":true,"href":"https:\/\/www.coopmargen.ar\/wp\/index.php?rest_route=%2Fwp%2Fv2%2Fcomments&post=2498"}],"version-history":[{"count":7,"href":"https:\/\/www.coopmargen.ar\/wp\/index.php?rest_route=\/wp\/v2\/posts\/2498\/revisions"}],"predecessor-version":[{"id":4960,"href":"https:\/\/www.coopmargen.ar\/wp\/index.php?rest_route=\/wp\/v2\/posts\/2498\/revisions\/4960"}],"wp:attachment":[{"href":"https:\/\/www.coopmargen.ar\/wp\/index.php?rest_route=%2Fwp%2Fv2%2Fmedia&parent=2498"}],"wp:term":[{"taxonomy":"category","embeddable":true,"href":"https:\/\/www.coopmargen.ar\/wp\/index.php?rest_route=%2Fwp%2Fv2%2Fcategories&post=2498"},{"taxonomy":"post_tag","embeddable":true,"href":"https:\/\/www.coopmargen.ar\/wp\/index.php?rest_route=%2Fwp%2Fv2%2Ftags&post=2498"}],"curies":[{"name":"wp","href":"https:\/\/api.w.org\/{rel}","templated":true}]}}