{"id":2508,"date":"2017-08-04T16:51:14","date_gmt":"2017-08-04T19:51:14","guid":{"rendered":"http:\/\/www.margen.org\/wp\/?p=2508"},"modified":"2022-05-03T14:46:13","modified_gmt":"2022-05-03T17:46:13","slug":"el-arte-como-estrategia-de-intervencion","status":"publish","type":"post","link":"https:\/\/www.coopmargen.ar\/wp\/?p=2508","title":{"rendered":"El arte como estrategia de intervenci\u00f3n"},"content":{"rendered":"<p><FONT FACE=\"Verdana, Arial\" SIZE=\"2pt\" COLOR=\"#000000\">Seminario presencial<br \/>\n<br \/><b>&#8220;El arte como estrategia de intervenci\u00f3n&#8221;<\/b><br \/>\n<br \/>Sede Buenos Aires, Argentina<br \/>\n<br \/>A desarrollarse los mi\u00e9rcoles desde el 6 de setiembre al 11 de octubre de 2017<br \/>\n<br \/>A cargo del Dr. Alfredo Carballeda y la Lic. Guillermina Gonz\u00e1lez<br \/>\n<br \/>Consultas: <a href=\"mailto:arteintervencionmargen@gmail.com?subject=Consulta desde portal Margen\">arteintervencionmargen@gmail.com<\/a><br \/>\n<br \/><\/FONT><br \/>\n<!--more--><br \/>\n<br \/>\n<img decoding=\"async\" src=\"http:\/\/www.margen.org\/imagenes\/seminario_arte2.jpg\"><br \/>\n<br \/>\n<\/FONT><\/p>\n","protected":false},"excerpt":{"rendered":"<p>Seminario presencial &#8220;El arte como estrategia de intervenci\u00f3n&#8221; Sede Buenos Aires, Argentina A desarrollarse los mi\u00e9rcoles desde el 6 de setiembre al 11 de octubre de 2017 A cargo del Dr. Alfredo Carballeda y la Lic. Guillermina Gonz\u00e1lez Consultas: arteintervencionmargen@gmail.com<\/p>\n","protected":false},"author":1,"featured_media":0,"comment_status":"open","ping_status":"closed","sticky":false,"template":"","format":"standard","meta":{"footnotes":""},"categories":[2],"tags":[],"class_list":["post-2508","post","type-post","status-publish","format-standard","hentry","category-la-cuestion-social"],"_links":{"self":[{"href":"https:\/\/www.coopmargen.ar\/wp\/index.php?rest_route=\/wp\/v2\/posts\/2508","targetHints":{"allow":["GET"]}}],"collection":[{"href":"https:\/\/www.coopmargen.ar\/wp\/index.php?rest_route=\/wp\/v2\/posts"}],"about":[{"href":"https:\/\/www.coopmargen.ar\/wp\/index.php?rest_route=\/wp\/v2\/types\/post"}],"author":[{"embeddable":true,"href":"https:\/\/www.coopmargen.ar\/wp\/index.php?rest_route=\/wp\/v2\/users\/1"}],"replies":[{"embeddable":true,"href":"https:\/\/www.coopmargen.ar\/wp\/index.php?rest_route=%2Fwp%2Fv2%2Fcomments&post=2508"}],"version-history":[{"count":1,"href":"https:\/\/www.coopmargen.ar\/wp\/index.php?rest_route=\/wp\/v2\/posts\/2508\/revisions"}],"predecessor-version":[{"id":2509,"href":"https:\/\/www.coopmargen.ar\/wp\/index.php?rest_route=\/wp\/v2\/posts\/2508\/revisions\/2509"}],"wp:attachment":[{"href":"https:\/\/www.coopmargen.ar\/wp\/index.php?rest_route=%2Fwp%2Fv2%2Fmedia&parent=2508"}],"wp:term":[{"taxonomy":"category","embeddable":true,"href":"https:\/\/www.coopmargen.ar\/wp\/index.php?rest_route=%2Fwp%2Fv2%2Fcategories&post=2508"},{"taxonomy":"post_tag","embeddable":true,"href":"https:\/\/www.coopmargen.ar\/wp\/index.php?rest_route=%2Fwp%2Fv2%2Ftags&post=2508"}],"curies":[{"name":"wp","href":"https:\/\/api.w.org\/{rel}","templated":true}]}}