{"id":2518,"date":"2018-02-08T10:07:40","date_gmt":"2018-02-08T13:07:40","guid":{"rendered":"http:\/\/www.margen.org\/wp\/?p=2518"},"modified":"2022-05-03T14:44:11","modified_gmt":"2022-05-03T17:44:11","slug":"lxvi-congreso-nacional-vii-internacional-de-instituciones-educativas-de-trabajo-social","status":"publish","type":"post","link":"https:\/\/www.coopmargen.ar\/wp\/?p=2518","title":{"rendered":"LXVI Congreso Nacional , VII Internacional de Instituciones Educativas de Trabajo Social"},"content":{"rendered":"<p> <font face=\"Verdana, Arial\" SIZE=\"2pt\" color=\"#000000\">A realizarse desde el 25 al 27 de abril de 2018 en Guadalajara, Jalisco, M\u00e9xico<\/p>\n<p><u>Tem\u00e1tica<\/u>: la formaci\u00f3n e intervenci\u00f3n del Trabajo Social en Am\u00e9rica Latina. Agendas globales, realidades locales<br \/>\n <br \/><u>Convocan<\/u>:<br \/>\n <br \/>&#8211; Universidad de Guadalajara.<br \/>\n <br \/>&#8211; Centro Universitario de Ciencias Sociales y Humanidads<br \/>\n<br \/> &#8211; Departamento de Trabajo Social<br \/>\n<br \/> &#8211; Asociaci\u00f3n Mexicana de Instituciones Educativas de Trabajo Social A.C.<br \/>\n <!--more--><br \/>\n <\/p>\n<p>El  LXVI Congreso Nacional y VII Internacional de la Asociaci\u00f3n Mexicana de Instituciones Educativas de Trabajo Social pretende ser un espacio de reflexi\u00f3n cr\u00edtica y anal\u00edtica sobre la formaci\u00f3n e intervenci\u00f3n profesional del Trabajo Social, que posibilite discutir los desaf\u00edos actuales para la formaci\u00f3n profesional, los escenarios emergentes en donde interviene o deber\u00eda intervenir el trabajador social, as\u00ed como el papel que juega la agenda global en la actualizaci\u00f3n de los planes de estudio y la riqueza de intervenir desde lo local.<br \/>\n <br \/>Reconocemos la importancia de realizar estas feflexiones, ya que un gran n\u00famero de escuelas se encuentran renovando sus planes de estudio y est\u00e1n analizando el rumbo de la disciplina, reconociendo los desaf\u00edos y posibilidades que la realidad y su complejidad nos proporciona.<br \/>\n <br \/>Esta realidad compleja requiere una aproximaci\u00f3n integral a los fen\u00f3menos actuales, permitiendo un abordaje de acuerdo a los contextos donde se presentan.<br \/>\n <br \/>Por ello resulta relevante que los profesionales del Trabajo Social se ecuentran interviniendo e diversos problemas sociales considerados &#8220;emergentes&#8221;, por ello consideramos pertinente visibilizar estas novedosas intervenciones a fin de meditar las alternativas que surgen ante nuevos problemas sociales.<\/p>\n<p><u>Objetivo general<\/u>:<br \/>\n<br \/>&#8211; Reflexionar de manera cr\u00edtica la formaci\u00f3n e intervenci\u00f3n en Trabajo Social, que posibilite la identificaci\u00f3n de los alcances de la profesi\u00f3n a nivel nacional e internacional, los desaf\u00edos actuales, as\u00ed coo los escenarios emergentes donde interviene el Trabajador Social.<\/p>\n<p><u>Ejes tem\u00e1ticos<\/u>:<br \/>\n <br \/> 1. Desaf\u00edos en la formaci\u00f3n profesional del Trabajo Social (pregrado y posgrado)<br \/>\n <br \/>2. Intervenci\u00f3n profesional en contextos globales\/locales<br \/>\n <br \/>3. Escenarios emergentes de intervenci\u00f3n.<br \/>\n <br \/>4. Uso de nuevas tecnolog\u00edas \/ innovaci\u00f3n<\/p>\n<p><u>Talleres<\/u>:<br \/>\n<br \/> 1. Modelos de intervenci\u00f3n.<br \/>\n<br \/> 2. Seguimiento del proceso de revisi\u00f3n y an\u00e1lisis de planes de estudio.<br \/>\n<br \/> 3. Alienaci\u00f3n parental<br \/>\n<br \/> 4. desaparici\u00f3n forzada y trata de personas.<\/p>\n<p> Para mayor informaci\u00f3n, comunicarse a: <a href=\"mailto:congresoamietsudg2018@yahoo.com\">congresoamietsudg2018@yahoo.com<\/a><br \/>\n <\/p>\n","protected":false},"excerpt":{"rendered":"<p>A realizarse desde el 25 al 27 de abril de 2018 en Guadalajara, Jalisco, M\u00e9xico Tem\u00e1tica: la formaci\u00f3n e intervenci\u00f3n del Trabajo Social en Am\u00e9rica Latina. Agendas globales, realidades locales Convocan: &#8211; Universidad de Guadalajara. &#8211; Centro Universitario de Ciencias Sociales y Humanidads &#8211; Departamento de Trabajo Social &#8211; Asociaci\u00f3n Mexicana de Instituciones Educativas de [&hellip;]<\/p>\n","protected":false},"author":1,"featured_media":0,"comment_status":"open","ping_status":"closed","sticky":false,"template":"","format":"standard","meta":{"footnotes":""},"categories":[1],"tags":[],"class_list":["post-2518","post","type-post","status-publish","format-standard","hentry","category-info-actividad"],"_links":{"self":[{"href":"https:\/\/www.coopmargen.ar\/wp\/index.php?rest_route=\/wp\/v2\/posts\/2518","targetHints":{"allow":["GET"]}}],"collection":[{"href":"https:\/\/www.coopmargen.ar\/wp\/index.php?rest_route=\/wp\/v2\/posts"}],"about":[{"href":"https:\/\/www.coopmargen.ar\/wp\/index.php?rest_route=\/wp\/v2\/types\/post"}],"author":[{"embeddable":true,"href":"https:\/\/www.coopmargen.ar\/wp\/index.php?rest_route=\/wp\/v2\/users\/1"}],"replies":[{"embeddable":true,"href":"https:\/\/www.coopmargen.ar\/wp\/index.php?rest_route=%2Fwp%2Fv2%2Fcomments&post=2518"}],"version-history":[{"count":2,"href":"https:\/\/www.coopmargen.ar\/wp\/index.php?rest_route=\/wp\/v2\/posts\/2518\/revisions"}],"predecessor-version":[{"id":2520,"href":"https:\/\/www.coopmargen.ar\/wp\/index.php?rest_route=\/wp\/v2\/posts\/2518\/revisions\/2520"}],"wp:attachment":[{"href":"https:\/\/www.coopmargen.ar\/wp\/index.php?rest_route=%2Fwp%2Fv2%2Fmedia&parent=2518"}],"wp:term":[{"taxonomy":"category","embeddable":true,"href":"https:\/\/www.coopmargen.ar\/wp\/index.php?rest_route=%2Fwp%2Fv2%2Fcategories&post=2518"},{"taxonomy":"post_tag","embeddable":true,"href":"https:\/\/www.coopmargen.ar\/wp\/index.php?rest_route=%2Fwp%2Fv2%2Ftags&post=2518"}],"curies":[{"name":"wp","href":"https:\/\/api.w.org\/{rel}","templated":true}]}}