{"id":4630,"date":"2018-06-04T14:41:04","date_gmt":"2018-06-04T17:41:04","guid":{"rendered":"http:\/\/www.margen.org\/wp\/?p=4630"},"modified":"2022-05-02T15:10:28","modified_gmt":"2022-05-02T18:10:28","slug":"5-congreso-genero-y-sociedad","status":"publish","type":"post","link":"https:\/\/www.coopmargen.ar\/wp\/?p=4630","title":{"rendered":"5\u00b0 Congreso &#8220;G\u00e9nero y Sociedad&#8221;"},"content":{"rendered":"<p><font face=\"Verdana, Arial\" SIZE=\"2pt\" color=\"#000000\">Bajo el lema <strong>\u201cDesarticular entramados de exclusi\u00f3n y violencias. Tramar emancipaciones colectivas\u201d<\/strong>, la quinta edici\u00f3n del Congreso G\u00e9nero y Sociedad se realizar\u00e1 durante los d\u00edas 19, 20 y 21 de setiembre de 2018.<br \/>\n<br \/>Se desarrollar\u00e1 en la Universidad Nacional de C\u00f3rdoba (Argentina), organizado por el \u00c1rea Feminismos, G\u00e9nero y Sexualidades (FemGeS) del Centro de Investigaciones Mar\u00eda Saleme de Burnichon (CIFFyH), de la FFyH; el Programa y Doctorado de Estudios de G\u00e9nero, Centro de Estudios Avanzados, Facultad de Ciencias Sociales; y el Programa de Extensi\u00f3n Mujeres, diversidad sexual, salud y derechos, Facultad de Ciencias Sociales.<br \/>\n<br \/>\n <!--more--><br \/>\n<br \/>La actividad, abierta al p\u00fablico, est\u00e1 especialmente dirigida a docentes, investigadorxs, egresadxs y estudiantes universitarixs, activistas, integrantes de movimientos sociales, de instituciones p\u00fablicas y de organizaciones de la sociedad civil, de Argentina y otros pa\u00edses de Am\u00e9rica Latina.<\/p>\n<p>Este a\u00f1o, el Congreso se propone como objetivos favorecer el intercambio de saberes y pr\u00e1cticas entre espacios acad\u00e9micos, instituciones p\u00fablicas y diversos activismos en funci\u00f3n de articular esfuerzos tendientes a construir una sociedad m\u00e1s democr\u00e1tica e inclusiva. Promover, a su vez, la reflexi\u00f3n te\u00f3rica, la difusi\u00f3n de investigaciones y el debate p\u00fablico sobre sexualidades y g\u00e9nero en las sociedades latinoamericanas contempor\u00e1neas. Y generar un espacio cr\u00edtico y reflexivo sobre investigaciones recientes, pr\u00e1cticas profesionales, expresiones art\u00edsticas-culturales, y experiencias activistas.<\/p>\n<p>\n<u>M\u00e1s informaci\u00f3n y circulares<\/u>:<br \/>\n<br \/><a href=\"http:\/\/www.ffyh.unc.edu.ar\/ciffyh\" target=\"_blank\" rel=\"noopener\">http:\/\/www.ffyh.unc.edu.ar\/ciffyh<\/a><\/p>\n<p>En Fb: <a href=\"https:\/\/www.facebook.com\/femges.unc\/\" target=\"_blank\" rel=\"noopener\">https:\/\/www.facebook.com\/femges.unc\/<\/a><\/p>\n<p>E-mail: <a href=\"mailto:generoysociedad2018@gmail.com\">generoysociedad2018@gmail.com<\/a><\/p>\n<p><\/font><\/p>\n","protected":false},"excerpt":{"rendered":"<p>Bajo el lema \u201cDesarticular entramados de exclusi\u00f3n y violencias. Tramar emancipaciones colectivas\u201d, la quinta edici\u00f3n del Congreso G\u00e9nero y Sociedad se realizar\u00e1 durante los d\u00edas 19, 20 y 21 de setiembre de 2018. Se desarrollar\u00e1 en la Universidad Nacional de C\u00f3rdoba (Argentina), organizado por el \u00c1rea Feminismos, G\u00e9nero y Sexualidades (FemGeS) del Centro de Investigaciones [&hellip;]<\/p>\n","protected":false},"author":1,"featured_media":0,"comment_status":"open","ping_status":"closed","sticky":false,"template":"","format":"standard","meta":{"footnotes":""},"categories":[1],"tags":[],"class_list":["post-4630","post","type-post","status-publish","format-standard","hentry","category-info-actividad"],"_links":{"self":[{"href":"https:\/\/www.coopmargen.ar\/wp\/index.php?rest_route=\/wp\/v2\/posts\/4630","targetHints":{"allow":["GET"]}}],"collection":[{"href":"https:\/\/www.coopmargen.ar\/wp\/index.php?rest_route=\/wp\/v2\/posts"}],"about":[{"href":"https:\/\/www.coopmargen.ar\/wp\/index.php?rest_route=\/wp\/v2\/types\/post"}],"author":[{"embeddable":true,"href":"https:\/\/www.coopmargen.ar\/wp\/index.php?rest_route=\/wp\/v2\/users\/1"}],"replies":[{"embeddable":true,"href":"https:\/\/www.coopmargen.ar\/wp\/index.php?rest_route=%2Fwp%2Fv2%2Fcomments&post=4630"}],"version-history":[{"count":2,"href":"https:\/\/www.coopmargen.ar\/wp\/index.php?rest_route=\/wp\/v2\/posts\/4630\/revisions"}],"predecessor-version":[{"id":4939,"href":"https:\/\/www.coopmargen.ar\/wp\/index.php?rest_route=\/wp\/v2\/posts\/4630\/revisions\/4939"}],"wp:attachment":[{"href":"https:\/\/www.coopmargen.ar\/wp\/index.php?rest_route=%2Fwp%2Fv2%2Fmedia&parent=4630"}],"wp:term":[{"taxonomy":"category","embeddable":true,"href":"https:\/\/www.coopmargen.ar\/wp\/index.php?rest_route=%2Fwp%2Fv2%2Fcategories&post=4630"},{"taxonomy":"post_tag","embeddable":true,"href":"https:\/\/www.coopmargen.ar\/wp\/index.php?rest_route=%2Fwp%2Fv2%2Ftags&post=4630"}],"curies":[{"name":"wp","href":"https:\/\/api.w.org\/{rel}","templated":true}]}}