{"id":5080,"date":"2025-02-25T10:51:10","date_gmt":"2025-02-25T13:51:10","guid":{"rendered":"https:\/\/www.coopmargen.ar\/wp\/?p=5080"},"modified":"2025-02-25T10:51:10","modified_gmt":"2025-02-25T13:51:10","slug":"la-problematica-de-la-ninez-migrante","status":"publish","type":"post","link":"https:\/\/www.coopmargen.ar\/wp\/?p=5080","title":{"rendered":"La problem\u00e1tica de la ni\u00f1ez migrante"},"content":{"rendered":"<p>Por Virginia Casas<br \/>\nLa gesti\u00f3n Trump en Estados Unidos se inici\u00f3 con fuertes declaraciones y acciones contra el ingreso de migrantes, como por ejemplo el env\u00edo de tropas a la frontera con M\u00e9xico, la detenci\u00f3n masiva de migrantes, su deportaci\u00f3n e incluso a la detenci\u00f3n su detenci\u00f3n en la prisi\u00f3n de la Base de Guant\u00e1namo, medida que debi\u00f3 ser levantada por el accionar de la Justicia estadounidense.<br \/>\nPor razones de \u00edndole econ\u00f3mica o pol\u00edtica, miles de habitantes de pa\u00edses subdesarrollados de Am\u00e9rica deciden migrar en busca de mejorar su nivel de vida. En muchos casos los ni\u00f1os acompa\u00f1an a sus padres, coloc\u00e1ndolos en una situaci\u00f3n de grave vulnerabilidad.<\/p>\n<p><!--more--><br \/>\nRecientemente la Organizaci\u00f3n de los Estados Americanos (OEA) emiti\u00f3 una Declaraci\u00f3n tendiente a concientizar sobre esta situaci\u00f3n y promover medidas concretas para actuar en dichas circunstancias que afectan especialmente a la ni\u00f1ez. Se trata de la Declaraci\u00f3n para la Protecci\u00f3n e Integraci\u00f3n de la Ni\u00f1ez y Adolescencia Migrante y Refugiada en las Am\u00e9ricas.<br \/>\nTal como lo plantean, se &#8220;busca generar un consenso regional sobre los mecanismos m\u00e1s efectivos para garantizar el pleno ejercicio de los derechos de la ni\u00f1ez y adolescencia en movimiento y as\u00ed lograr que un mayor n\u00famero de NNA migrantes tengan acceso a los servicios y oportunidades de desarrollo que necesitan.<br \/>\nPara tal fin, el grupo se re\u00fane peri\u00f3dicamente buscando desarrollar propuestas y servir de punta de lanza para impulsar cambios en las pol\u00edticas y programas de los distintos pa\u00edses de la regi\u00f3n&#8221;.<br \/>\nEste trabajo se plante\u00f3 a partir de la falta de pol\u00edticas migratorias que atiendan las necesidades de la ni\u00f1ez y adolescencia migrante desde un enfoque de protecci\u00f3n y de derechos. Se trata de exponer y enfrentar con soluciones aquellas situaciones en las que los NNyA migrantes est\u00e9n en riesgo, alertando sobre la necesidad de producir acciones de protecci\u00f3n a nivel internacional.<br \/>\nLa Declaraci\u00f3n consta de varios puntos:<\/p>\n<ol>\n<li style=\"list-style-type: none;\">\n<ol>\n<li>Acceso a la asistencia y protecci\u00f3n social<\/li>\n<li>Acceso a la educaci\u00f3n<\/li>\n<li>Acceso a la salud f\u00edsica y mental<\/li>\n<li>Capacitaci\u00f3n y concientizaci\u00f3n de funcionarios<\/li>\n<li>Flexibizaci\u00f3n de procesos migratorios por v\u00edas regurales<\/li>\n<li>Medidas contra la trata y\/o tr\u00e1fico il\u00edcito<\/li>\n<li>Protecci\u00f3n a la ni\u00f1ez no acompa\u00f1ada y facilitaci\u00f3n de la reunificaci\u00f3n familiar<\/li>\n<li>Recopilaci\u00f3n y uso de informaci\u00f3n<\/li>\n<li>Soluciones a la falta de documentaci\u00f3n<\/li>\n<\/ol>\n<\/li>\n<\/ol>\n<p>Puede consultarse esta Declaraci\u00f3n en: https:\/\/www.oas.org\/ext\/DesktopModules\/MVC\/OASDnnModules\/Views\/Item\/Download.aspx?type=1&amp;id=1179&amp;lang=2,\u00a0 o bien en: https:\/\/thedialogue.org\/analysis\/guia-de-buenas-practicas-para-la-proteccion-y-promocion-de-los-derechos-de-la-ninez-en-movimiento-en-las-americas\/?lang=es<\/p>\n","protected":false},"excerpt":{"rendered":"<p>Por Virginia Casas La gesti\u00f3n Trump en Estados Unidos se inici\u00f3 con fuertes declaraciones y acciones contra el ingreso de migrantes, como por ejemplo el env\u00edo de tropas a la frontera con M\u00e9xico, la detenci\u00f3n masiva de migrantes, su deportaci\u00f3n e incluso a la detenci\u00f3n su detenci\u00f3n en la prisi\u00f3n de la Base de Guant\u00e1namo, [&hellip;]<\/p>\n","protected":false},"author":1,"featured_media":0,"comment_status":"open","ping_status":"open","sticky":false,"template":"","format":"standard","meta":{"footnotes":""},"categories":[7],"tags":[],"class_list":["post-5080","post","type-post","status-publish","format-standard","hentry","category-la-cuestion-de-la-ninez"],"_links":{"self":[{"href":"https:\/\/www.coopmargen.ar\/wp\/index.php?rest_route=\/wp\/v2\/posts\/5080","targetHints":{"allow":["GET"]}}],"collection":[{"href":"https:\/\/www.coopmargen.ar\/wp\/index.php?rest_route=\/wp\/v2\/posts"}],"about":[{"href":"https:\/\/www.coopmargen.ar\/wp\/index.php?rest_route=\/wp\/v2\/types\/post"}],"author":[{"embeddable":true,"href":"https:\/\/www.coopmargen.ar\/wp\/index.php?rest_route=\/wp\/v2\/users\/1"}],"replies":[{"embeddable":true,"href":"https:\/\/www.coopmargen.ar\/wp\/index.php?rest_route=%2Fwp%2Fv2%2Fcomments&post=5080"}],"version-history":[{"count":1,"href":"https:\/\/www.coopmargen.ar\/wp\/index.php?rest_route=\/wp\/v2\/posts\/5080\/revisions"}],"predecessor-version":[{"id":5081,"href":"https:\/\/www.coopmargen.ar\/wp\/index.php?rest_route=\/wp\/v2\/posts\/5080\/revisions\/5081"}],"wp:attachment":[{"href":"https:\/\/www.coopmargen.ar\/wp\/index.php?rest_route=%2Fwp%2Fv2%2Fmedia&parent=5080"}],"wp:term":[{"taxonomy":"category","embeddable":true,"href":"https:\/\/www.coopmargen.ar\/wp\/index.php?rest_route=%2Fwp%2Fv2%2Fcategories&post=5080"},{"taxonomy":"post_tag","embeddable":true,"href":"https:\/\/www.coopmargen.ar\/wp\/index.php?rest_route=%2Fwp%2Fv2%2Ftags&post=5080"}],"curies":[{"name":"wp","href":"https:\/\/api.w.org\/{rel}","templated":true}]}}