{"id":5082,"date":"2025-05-30T11:07:10","date_gmt":"2025-05-30T14:07:10","guid":{"rendered":"https:\/\/www.coopmargen.ar\/wp\/?p=5082"},"modified":"2025-05-30T11:07:10","modified_gmt":"2025-05-30T14:07:10","slug":"el-trabajo-social-una-herramienta-esencial-a-menudo-subestimada","status":"publish","type":"post","link":"https:\/\/www.coopmargen.ar\/wp\/?p=5082","title":{"rendered":"El Trabajo Social: una herramienta esencial, a menudo subestimada"},"content":{"rendered":"<p align=\"left\"><span style=\"color: #000000;\"><span style=\"font-family: Arial, sans-serif;\"><span style=\"font-size: small;\">Por Chiara Angelotti *<\/span><\/span><\/span><\/p>\n<p align=\"left\"><span style=\"color: #000000;\"><span style=\"font-family: Arial, sans-serif;\"><span style=\"font-size: small;\">El Trabajo Social, a menudo relegado a un segundo plano, representa una disciplina fundamental para el bienestar individual y comunitario. Su capacidad para abordar las complejidades de la vida moderna, considerando las m\u00faltiples dimensiones del ser humano y su entorno, lo convierte en una herramienta esencial, aunque a menudo subestimada e incluso temida por otras profesiones. Este art\u00edculo profundizar\u00e1 en las razones por las cuales el Trabajo Social es un recurso invaluable, explorando sus m\u00e9todos, sus alcances y los desaf\u00edos que enfrenta para lograr su plena integraci\u00f3n en la resoluci\u00f3n de problemas sociales.<\/span><\/span><\/span><\/p>\n<p align=\"left\"><!--more--><\/p>\n<p align=\"left\"><b><span style=\"color: #000000;\"><span style=\"font-family: Arial, sans-serif;\"><span style=\"font-size: small;\">M\u00e1s <\/span><\/span><\/span><span style=\"color: #000000;\"><span style=\"font-family: Arial, sans-serif;\"><span style=\"font-size: small;\">a<\/span><\/span><\/span><span style=\"color: #000000;\"><span style=\"font-family: Arial, sans-serif;\"><span style=\"font-size: small;\">ll\u00e1 de la <\/span><\/span><\/span><span style=\"color: #000000;\"><span style=\"font-family: Arial, sans-serif;\"><span style=\"font-size: small;\">A<\/span><\/span><\/span><span style=\"color: #000000;\"><span style=\"font-family: Arial, sans-serif;\"><span style=\"font-size: small;\">sistencia Social: <\/span><\/span><\/span><span style=\"color: #000000;\"><span style=\"font-family: Arial, sans-serif;\"><span style=\"font-size: small;\">u<\/span><\/span><\/span><span style=\"color: #000000;\"><span style=\"font-family: Arial, sans-serif;\"><span style=\"font-size: small;\">n <\/span><\/span><\/span><span style=\"color: #000000;\"><span style=\"font-family: Arial, sans-serif;\"><span style=\"font-size: small;\">e<\/span><\/span><\/span><span style=\"color: #000000;\"><span style=\"font-family: Arial, sans-serif;\"><span style=\"font-size: small;\">nfoque <\/span><\/span><\/span><span style=\"color: #000000;\"><span style=\"font-family: Arial, sans-serif;\"><span style=\"font-size: small;\">h<\/span><\/span><\/span><span style=\"color: #000000;\"><span style=\"font-family: Arial, sans-serif;\"><span style=\"font-size: small;\">ol\u00edstico e <\/span><\/span><\/span><span style=\"color: #000000;\"><span style=\"font-family: Arial, sans-serif;\"><span style=\"font-size: small;\">i<\/span><\/span><\/span><span style=\"color: #000000;\"><span style=\"font-family: Arial, sans-serif;\"><span style=\"font-size: small;\">nterdisciplinario<\/span><\/span><\/span><\/b><\/p>\n<p align=\"left\"><span style=\"color: #000000;\"> <span style=\"font-family: Arial, sans-serif;\"><span style=\"font-size: small;\">Contrario a la imagen simplista que a veces se tiene del Trabajo Social como mera asistencia social, su pr\u00e1ctica se basa en un enfoque hol\u00edstico e interdisciplinario. Los trabajadores sociales no se limitan a proporcionar ayuda material o paliar s\u00edntomas; buscan comprender las causas subyacentes de las dificultades individuales y comunitarias, considerando la interacci\u00f3n compleja entre factores biol\u00f3gicos, psicol\u00f3gicos, sociales, econ\u00f3micos y ambientales. Esta perspectiva integral permite una intervenci\u00f3n m\u00e1s efectiva y sostenible, dirigida no solo a aliviar el sufrimiento inmediato, sino tambi\u00e9n a fortalecer las capacidades de las personas y las comunidades para afrontar sus desaf\u00edos.<\/span><\/span><\/span><\/p>\n<p align=\"left\"><b><span style=\"color: #000000;\"><span style=\"font-family: Arial, sans-serif;\"><span style=\"font-size: small;\">Herramientas y M\u00e9todos: <\/span><\/span><\/span><span style=\"color: #000000;\"><span style=\"font-family: Arial, sans-serif;\"><span style=\"font-size: small;\">u<\/span><\/span><\/span><span style=\"color: #000000;\"><span style=\"font-family: Arial, sans-serif;\"><span style=\"font-size: small;\">na <\/span><\/span><\/span><span style=\"color: #000000;\"><span style=\"font-family: Arial, sans-serif;\"><span style=\"font-size: small;\">c<\/span><\/span><\/span><span style=\"color: #000000;\"><span style=\"font-family: Arial, sans-serif;\"><span style=\"font-size: small;\">aja de <\/span><\/span><\/span><span style=\"color: #000000;\"><span style=\"font-family: Arial, sans-serif;\"><span style=\"font-size: small;\">h<\/span><\/span><\/span><span style=\"color: #000000;\"><span style=\"font-family: Arial, sans-serif;\"><span style=\"font-size: small;\">erramientas <\/span><\/span><\/span><span style=\"color: #000000;\"><span style=\"font-family: Arial, sans-serif;\"><span style=\"font-size: small;\">c<\/span><\/span><\/span><span style=\"color: #000000;\"><span style=\"font-family: Arial, sans-serif;\"><span style=\"font-size: small;\">ompleja<\/span><\/span><\/span><\/b><\/p>\n<p align=\"left\"><span style=\"color: #000000;\"> <span style=\"font-family: Arial, sans-serif;\"><span style=\"font-size: small;\">El Trabajo Social dispone de una amplia gama de herramientas y m\u00e9todos para lograr sus objetivos. Desde la entrevista y la evaluaci\u00f3n individual hasta la planificaci\u00f3n de programas comunitarios y la abogac\u00eda pol\u00edtica, la disciplina se adapta a las circunstancias espec\u00edficas de cada caso. Entre las herramientas clave encontramos:<\/span><\/span><\/span><\/p>\n<ul>\n<li>\n<p align=\"left\"><span style=\"color: #000000;\"><span style=\"font-family: Arial, sans-serif;\"><span style=\"font-size: small;\">Trabajo de <\/span><\/span><\/span><span style=\"color: #000000;\"><span style=\"font-family: Arial, sans-serif;\"><span style=\"font-size: small;\">c<\/span><\/span><\/span><span style=\"color: #000000;\"><span style=\"font-family: Arial, sans-serif;\"><span style=\"font-size: small;\">aso: <\/span><\/span><\/span><span style=\"color: #000000;\"><span style=\"font-family: Arial, sans-serif;\"><span style=\"font-size: small;\">i<\/span><\/span><\/span><span style=\"color: #000000;\"><span style=\"font-family: Arial, sans-serif;\"><span style=\"font-size: small;\">ntervenci\u00f3n individualizada para abordar las necesidades espec\u00edficas de una persona o familia.<\/span><\/span><\/span><\/p>\n<\/li>\n<li>\n<p align=\"left\"><span style=\"color: #000000;\"><span style=\"font-family: Arial, sans-serif;\"><span style=\"font-size: small;\">Trabajo de <\/span><\/span><\/span><span style=\"color: #000000;\"><span style=\"font-family: Arial, sans-serif;\"><span style=\"font-size: small;\">g<\/span><\/span><\/span><span style=\"color: #000000;\"><span style=\"font-family: Arial, sans-serif;\"><span style=\"font-size: small;\">rupo: <\/span><\/span><\/span><span style=\"color: #000000;\"><span style=\"font-family: Arial, sans-serif;\"><span style=\"font-size: small;\">f<\/span><\/span><\/span><span style=\"color: #000000;\"><span style=\"font-family: Arial, sans-serif;\"><span style=\"font-size: small;\">acilita la interacci\u00f3n y el apoyo mutuo entre personas que comparten experiencias o desaf\u00edos similares.<\/span><\/span><\/span><\/p>\n<\/li>\n<li>\n<p align=\"left\"><span style=\"color: #000000;\"><span style=\"font-family: Arial, sans-serif;\"><span style=\"font-size: small;\">Organizaci\u00f3n <\/span><\/span><\/span><span style=\"color: #000000;\"><span style=\"font-family: Arial, sans-serif;\"><span style=\"font-size: small;\">c<\/span><\/span><\/span><span style=\"color: #000000;\"><span style=\"font-family: Arial, sans-serif;\"><span style=\"font-size: small;\">omunitaria: Promueve la participaci\u00f3n activa de la comunidad en la identificaci\u00f3n y resoluci\u00f3n de problemas locales.<\/span><\/span><\/span><\/p>\n<\/li>\n<li>\n<p align=\"left\"><span style=\"color: #000000;\"><span style=\"font-family: Arial, sans-serif;\"><span style=\"font-size: small;\">Abogac\u00eda: <\/span><\/span><\/span><span style=\"color: #000000;\"><span style=\"font-family: Arial, sans-serif;\"><span style=\"font-size: small;\">d<\/span><\/span><\/span><span style=\"color: #000000;\"><span style=\"font-family: Arial, sans-serif;\"><span style=\"font-size: small;\">efensa de los derechos de los individuos y grupos vulnerables, promoviendo cambios en pol\u00edticas y pr\u00e1cticas sociales.<\/span><\/span><\/span><\/p>\n<\/li>\n<li>\n<p align=\"left\"><span style=\"color: #000000;\"><span style=\"font-family: Arial, sans-serif;\"><span style=\"font-size: small;\">Investigaci\u00f3n: <\/span><\/span><\/span><span style=\"color: #000000;\"><span style=\"font-family: Arial, sans-serif;\"><span style=\"font-size: small;\">e<\/span><\/span><\/span><span style=\"color: #000000;\"><span style=\"font-family: Arial, sans-serif;\"><span style=\"font-size: small;\">valuaci\u00f3n de programas, an\u00e1lisis de datos y generaci\u00f3n de conocimiento para mejorar la pr\u00e1ctica y la pol\u00edtica social.<\/span><\/span><\/span><\/p>\n<\/li>\n<\/ul>\n<p align=\"left\"><b><span style=\"color: #000000;\"><span style=\"font-family: Arial, sans-serif;\"><span style=\"font-size: small;\">La <\/span><\/span><\/span><span style=\"color: #000000;\"><span style=\"font-family: Arial, sans-serif;\"><span style=\"font-size: small;\">i<\/span><\/span><\/span><span style=\"color: #000000;\"><span style=\"font-family: Arial, sans-serif;\"><span style=\"font-size: small;\">mportancia de la <\/span><\/span><\/span><span style=\"color: #000000;\"><span style=\"font-family: Arial, sans-serif;\"><span style=\"font-size: small;\">i<\/span><\/span><\/span><span style=\"color: #000000;\"><span style=\"font-family: Arial, sans-serif;\"><span style=\"font-size: small;\">ntervenci\u00f3n <\/span><\/span><\/span><span style=\"color: #000000;\"><span style=\"font-family: Arial, sans-serif;\"><span style=\"font-size: small;\">d<\/span><\/span><\/span><span style=\"color: #000000;\"><span style=\"font-family: Arial, sans-serif;\"><span style=\"font-size: small;\">irecta y el <\/span><\/span><\/span><span style=\"color: #000000;\"><span style=\"font-family: Arial, sans-serif;\"><span style=\"font-size: small;\">t<\/span><\/span><\/span><span style=\"color: #000000;\"><span style=\"font-family: Arial, sans-serif;\"><span style=\"font-size: small;\">rabajo en <\/span><\/span><\/span><span style=\"color: #000000;\"><span style=\"font-family: Arial, sans-serif;\"><span style=\"font-size: small;\">r<\/span><\/span><\/span><span style=\"color: #000000;\"><span style=\"font-family: Arial, sans-serif;\"><span style=\"font-size: small;\">ed<\/span><\/span><\/span><\/b><\/p>\n<p align=\"left\"><span style=\"color: #000000;\"><span style=\"font-family: Arial, sans-serif;\"><span style=\"font-size: small;\">U<\/span><\/span><\/span><span style=\"color: #000000;\"><span style=\"font-family: Arial, sans-serif;\"><span style=\"font-size: small;\">na caracter\u00edstica distintiva del Trabajo Social es su capacidad para realizar intervenciones directas, trabajando codo a codo con las personas y las comunidades afectadas. Esto implica no solo la provisi\u00f3n de recursos, sino tambi\u00e9n la construcci\u00f3n de relaciones de confianza, el empoderamiento de los individuos y la promoci\u00f3n de su participaci\u00f3n activa en el proceso de cambio. Adem\u00e1s, el Trabajo Social se basa fundamentalmente en el trabajo en red, colaborando con otras disciplinas y organizaciones para lograr resultados m\u00e1s amplios e integrales.<\/span><\/span><\/span><\/p>\n<p align=\"left\"><b><span style=\"color: #000000;\"><span style=\"font-family: Arial, sans-serif;\"><span style=\"font-size: small;\">El <\/span><\/span><\/span><span style=\"color: #000000;\"><span style=\"font-family: Arial, sans-serif;\"><span style=\"font-size: small;\">m<\/span><\/span><\/span><span style=\"color: #000000;\"><span style=\"font-family: Arial, sans-serif;\"><span style=\"font-size: small;\">iedo a la <\/span><\/span><\/span><span style=\"color: #000000;\"><span style=\"font-family: Arial, sans-serif;\"><span style=\"font-size: small;\">i<\/span><\/span><\/span><span style=\"color: #000000;\"><span style=\"font-family: Arial, sans-serif;\"><span style=\"font-size: small;\">ntervenci\u00f3n <\/span><\/span><\/span><span style=\"color: #000000;\"><span style=\"font-family: Arial, sans-serif;\"><span style=\"font-size: small;\">s<\/span><\/span><\/span><span style=\"color: #000000;\"><span style=\"font-family: Arial, sans-serif;\"><span style=\"font-size: small;\">ocial: <\/span><\/span><\/span><span style=\"color: #000000;\"><span style=\"font-family: Arial, sans-serif;\"><span style=\"font-size: small;\">u<\/span><\/span><\/span><span style=\"color: #000000;\"><span style=\"font-family: Arial, sans-serif;\"><span style=\"font-size: small;\">n <\/span><\/span><\/span><span style=\"color: #000000;\"><span style=\"font-family: Arial, sans-serif;\"><span style=\"font-size: small;\">o<\/span><\/span><\/span><span style=\"color: #000000;\"><span style=\"font-family: Arial, sans-serif;\"><span style=\"font-size: small;\">bst\u00e1culo <\/span><\/span><\/span><span style=\"color: #000000;\"><span style=\"font-family: Arial, sans-serif;\"><span style=\"font-size: small;\">p<\/span><\/span><\/span><span style=\"color: #000000;\"><span style=\"font-family: Arial, sans-serif;\"><span style=\"font-size: small;\">ara el <\/span><\/span><\/span><span style=\"color: #000000;\"><span style=\"font-family: Arial, sans-serif;\"><span style=\"font-size: small;\">d<\/span><\/span><\/span><span style=\"color: #000000;\"><span style=\"font-family: Arial, sans-serif;\"><span style=\"font-size: small;\">esarrollo<\/span><\/span><\/span><\/b><\/p>\n<p align=\"left\"><span style=\"color: #000000;\"> <span style=\"font-family: Arial, sans-serif;\"><span style=\"font-size: small;\">A pesar de su evidente potencial, el Trabajo Social a menudo enfrenta resistencia por parte de otras profesiones y estructuras de poder. Esta resistencia se basa en diversos factores, incluyendo:<\/span><\/span><\/span><\/p>\n<ul>\n<li>\n<p align=\"left\"><span style=\"color: #000000;\"><span style=\"font-family: Arial, sans-serif;\"><span style=\"font-size: small;\">Miedo al <\/span><\/span><\/span><span style=\"color: #000000;\"><span style=\"font-family: Arial, sans-serif;\"><span style=\"font-size: small;\">c<\/span><\/span><\/span><span style=\"color: #000000;\"><span style=\"font-family: Arial, sans-serif;\"><span style=\"font-size: small;\">ambio: <\/span><\/span><\/span><span style=\"color: #000000;\"><span style=\"font-family: Arial, sans-serif;\"><span style=\"font-size: small;\">l<\/span><\/span><\/span><span style=\"color: #000000;\"><span style=\"font-family: Arial, sans-serif;\"><span style=\"font-size: small;\">a perspectiva cr\u00edtica y transformadora del Trabajo Social puede desafiar los modelos tradicionales de funcionamiento, generando incomodidad en aquellos que se benefician del status quo.<\/span><\/span><\/span><\/p>\n<\/li>\n<li>\n<p align=\"left\"><span style=\"color: #000000;\"><span style=\"font-family: Arial, sans-serif;\"><span style=\"font-size: small;\">Subestimaci\u00f3n de su <\/span><\/span><\/span><span style=\"color: #000000;\"><span style=\"font-family: Arial, sans-serif;\"><span style=\"font-size: small;\">r<\/span><\/span><\/span><span style=\"color: #000000;\"><span style=\"font-family: Arial, sans-serif;\"><span style=\"font-size: small;\">ol: <\/span><\/span><\/span><span style=\"color: #000000;\"><span style=\"font-family: Arial, sans-serif;\"><span style=\"font-size: small;\">l<\/span><\/span><\/span><span style=\"color: #000000;\"><span style=\"font-family: Arial, sans-serif;\"><span style=\"font-size: small;\">a complejidad del enfoque del Trabajo Social puede ser malinterpretada o subestimada, llevando a una valoraci\u00f3n insuficiente de su contribuci\u00f3n.<\/span><\/span><\/span><\/p>\n<\/li>\n<li>\n<p align=\"left\"><span style=\"color: #000000;\"><span style=\"font-family: Arial, sans-serif;\"><span style=\"font-size: small;\">Falta de <\/span><\/span><\/span><span style=\"color: #000000;\"><span style=\"font-family: Arial, sans-serif;\"><span style=\"font-size: small;\">c<\/span><\/span><\/span><span style=\"color: #000000;\"><span style=\"font-family: Arial, sans-serif;\"><span style=\"font-size: small;\">olaboraci\u00f3n <\/span><\/span><\/span><span style=\"color: #000000;\"><span style=\"font-family: Arial, sans-serif;\"><span style=\"font-size: small;\">i<\/span><\/span><\/span><span style=\"color: #000000;\"><span style=\"font-family: Arial, sans-serif;\"><span style=\"font-size: small;\">nterdisciplinaria: <\/span><\/span><\/span><span style=\"color: #000000;\"><span style=\"font-family: Arial, sans-serif;\"><span style=\"font-size: small;\">l<\/span><\/span><\/span><span style=\"color: #000000;\"><span style=\"font-family: Arial, sans-serif;\"><span style=\"font-size: small;\">a falta de comunicaci\u00f3n y entendimiento entre profesionales de diferentes disciplinas limita la eficacia de las intervenciones sociales.<\/span><\/span><\/span><\/p>\n<\/li>\n<\/ul>\n<p align=\"left\"><b><span style=\"color: #000000;\"><span style=\"font-family: Arial, sans-serif;\"><span style=\"font-size: small;\">El Trabajo Social como <\/span><\/span><\/span><span style=\"color: #000000;\"><span style=\"font-family: Arial, sans-serif;\"><span style=\"font-size: small;\">c<\/span><\/span><\/span><span style=\"color: #000000;\"><span style=\"font-family: Arial, sans-serif;\"><span style=\"font-size: small;\">atalizador de <\/span><\/span><\/span><span style=\"color: #000000;\"><span style=\"font-family: Arial, sans-serif;\"><span style=\"font-size: small;\">c<\/span><\/span><\/span><span style=\"color: #000000;\"><span style=\"font-family: Arial, sans-serif;\"><span style=\"font-size: small;\">ambio <\/span><\/span><\/span><span style=\"color: #000000;\"><span style=\"font-family: Arial, sans-serif;\"><span style=\"font-size: small;\">s<\/span><\/span><\/span><span style=\"color: #000000;\"><span style=\"font-family: Arial, sans-serif;\"><span style=\"font-size: small;\">ocial<\/span><\/span><\/span><\/b><\/p>\n<p align=\"left\"><span style=\"color: #000000;\"> <span style=\"font-family: Arial, sans-serif;\"><span style=\"font-size: small;\">El Trabajo Social no solo se limita a intervenir en situaciones de crisis; desempe\u00f1a tambi\u00e9n un rol crucial en la prevenci\u00f3n y la promoci\u00f3n del bienestar social. A trav\u00e9s de la investigaci\u00f3n, la educaci\u00f3n y la abogac\u00eda, contribuye a la construcci\u00f3n de pol\u00edticas p\u00fablicas m\u00e1s justas y equitativas, promoviendo la inclusi\u00f3n social, la equidad de g\u00e9nero, la protecci\u00f3n de los derechos humanos y la sostenibilidad ambiental.<\/span><\/span><\/span><\/p>\n<p align=\"left\"><b><span style=\"color: #000000;\"><span style=\"font-family: Arial, sans-serif;\"><span style=\"font-size: small;\">La Feminizaci\u00f3n del Trabajo Social y sus <\/span><\/span><\/span><span style=\"color: #000000;\"><span style=\"font-family: Arial, sans-serif;\"><span style=\"font-size: small;\">i<\/span><\/span><\/span><span style=\"color: #000000;\"><span style=\"font-family: Arial, sans-serif;\"><span style=\"font-size: small;\">mplicaciones<\/span><\/span><\/span><\/b><\/p>\n<p align=\"left\"><span style=\"color: #000000;\"> <span style=\"font-family: Arial, sans-serif;\"><span style=\"font-size: small;\">La feminizaci\u00f3n del Trabajo Social es un fen\u00f3meno ampliamente reconocido. Hist\u00f3ricamente, las mujeres han sido mayor\u00eda en esta profesi\u00f3n, lo que ha moldeado su enfoque y sus prioridades. Si bien esto ha enriquecido la disciplina con una perspectiva de cuidado, empat\u00eda y atenci\u00f3n a las necesidades sociales, tambi\u00e9n ha contribuido a la subvaloraci\u00f3n del Trabajo Social, asoci\u00e1ndolo con tareas de bajo estatus y poca remuneraci\u00f3n. Es crucial analizar cr\u00edticamente c\u00f3mo esta feminizaci\u00f3n ha impactado en la percepci\u00f3n social de la profesi\u00f3n y c\u00f3mo podemos contrarrestar los efectos de la hist\u00f3rica devaluaci\u00f3n del trabajo mayoritariamente realizado por mujeres. La lucha por el reconocimiento de la importancia del Trabajo Social debe ir de la mano con la lucha por la equidad salarial y el reconocimiento del valor del trabajo realizado mayoritariamente por mujeres.<\/span><\/span><\/span><\/p>\n<p align=\"left\"><b><span style=\"color: #000000;\"><span style=\"font-family: Arial, sans-serif;\"><span style=\"font-size: small;\">Trabajo Social: Europa vs. Am\u00e9rica Latina<\/span><\/span><\/span><\/b><\/p>\n<p align=\"left\"><span style=\"color: #000000;\"> <span style=\"font-family: Arial, sans-serif;\"><span style=\"font-size: small;\">En Europa, el Trabajo Social a menudo est\u00e1 m\u00e1s institucionalizado y regulado, con marcos legales y profesionales m\u00e1s s\u00f3lidos. Existe una mayor integraci\u00f3n con los servicios p\u00fablicos y una mayor especializaci\u00f3n en \u00e1reas espec\u00edficas. En Am\u00e9rica Latina, en cambio, el Trabajo Social se enfrenta a contextos de mayor desigualdad social y pobreza, lo que implica una mayor necesidad de intervenciones de emergencia y una mayor dependencia de organizaciones no gubernamentales. La falta de recursos y la inestabilidad pol\u00edtica pueden dificultar la implementaci\u00f3n de programas a largo plazo. En Europa, la pr\u00e1ctica se inclina m\u00e1s hacia la prevenci\u00f3n y el trabajo con individuos y familias, mientras que en Am\u00e9rica Latina, a menudo se centra en la atenci\u00f3n de crisis y la respuesta a necesidades inmediatas. Aun as\u00ed, ambos contextos comparten el objetivo fundamental de promover el bienestar social y la justicia social, aunque sus estrategias y enfoques var\u00edan significativamente.<\/span><\/span><\/span><\/p>\n<p align=\"left\"><span style=\"color: #000000;\"><span style=\"font-family: Arial, sans-serif;\"><span style=\"font-size: small;\"><b>C<\/b><\/span><\/span><\/span><span style=\"color: #000000;\"><span style=\"font-family: Arial, sans-serif;\"><span style=\"font-size: small;\"><b>onclusi\u00f3n: <\/b><\/span><\/span><\/span><span style=\"color: #000000;\"><span style=\"font-family: Arial, sans-serif;\"><span style=\"font-size: small;\"><b>u<\/b><\/span><\/span><\/span><span style=\"color: #000000;\"><span style=\"font-family: Arial, sans-serif;\"><span style=\"font-size: small;\"><b>rgencia de una <\/b><\/span><\/span><\/span><span style=\"color: #000000;\"><span style=\"font-family: Arial, sans-serif;\"><span style=\"font-size: small;\"><b>m<\/b><\/span><\/span><\/span><span style=\"color: #000000;\"><span style=\"font-family: Arial, sans-serif;\"><span style=\"font-size: small;\"><b>ayor <\/b><\/span><\/span><\/span><span style=\"color: #000000;\"><span style=\"font-family: Arial, sans-serif;\"><span style=\"font-size: small;\"><b>i<\/b><\/span><\/span><\/span><span style=\"color: #000000;\"><span style=\"font-family: Arial, sans-serif;\"><span style=\"font-size: small;\"><b>ntegraci\u00f3n<\/b><\/span><\/span><\/span><\/p>\n<p align=\"left\"><span style=\"color: #000000;\"> <span style=\"font-family: Arial, sans-serif;\"><span style=\"font-size: small;\">El Trabajo Social es una disciplina esencial para afrontar los desaf\u00edos sociales del siglo XXI. Su enfoque hol\u00edstico, sus m\u00faltiples herramientas y su capacidad para la intervenci\u00f3n directa lo convierten en un recurso invaluable para la construcci\u00f3n de una sociedad m\u00e1s justa y equitativa. Superar la resistencia a su integraci\u00f3n plena en las diferentes esferas de la vida social es fundamental para lograr un mayor progreso y bienestar para todos. La colaboraci\u00f3n interdisciplinaria y el reconocimiento de su valor son claves para maximizar su impacto positivo.<\/span><\/span><\/span><\/p>\n<p align=\"left\"><span style=\"font-size: small;\"><span style=\"color: #555753;\">* Chiara Angelotti es estudiante de Trabajo Social y una destacada activista feminista; autora del libro &#8220;Navegando en las Mareas Emocionales&#8221;, obra que explora la compleja relaci\u00f3n entre la salud mental y las experiencias de g\u00e9nero. Su trabajo se centra en la intersecci\u00f3n de estas disciplinas, ofreciendo una valiosa contribuci\u00f3n al campo del Trabajo Social y la salud mental en la ciudad de Carlos Casares (provincia de Buenos Aires, Argentina).<\/span><\/span><\/p>\n","protected":false},"excerpt":{"rendered":"<p>Por Chiara Angelotti * El Trabajo Social, a menudo relegado a un segundo plano, representa una disciplina fundamental para el bienestar individual y comunitario. Su capacidad para abordar las complejidades de la vida moderna, considerando las m\u00faltiples dimensiones del ser humano y su entorno, lo convierte en una herramienta esencial, aunque a menudo subestimada e [&hellip;]<\/p>\n","protected":false},"author":1,"featured_media":0,"comment_status":"open","ping_status":"open","sticky":false,"template":"","format":"standard","meta":{"footnotes":""},"categories":[11],"tags":[],"class_list":["post-5082","post","type-post","status-publish","format-standard","hentry","category-visiones-personales"],"_links":{"self":[{"href":"https:\/\/www.coopmargen.ar\/wp\/index.php?rest_route=\/wp\/v2\/posts\/5082","targetHints":{"allow":["GET"]}}],"collection":[{"href":"https:\/\/www.coopmargen.ar\/wp\/index.php?rest_route=\/wp\/v2\/posts"}],"about":[{"href":"https:\/\/www.coopmargen.ar\/wp\/index.php?rest_route=\/wp\/v2\/types\/post"}],"author":[{"embeddable":true,"href":"https:\/\/www.coopmargen.ar\/wp\/index.php?rest_route=\/wp\/v2\/users\/1"}],"replies":[{"embeddable":true,"href":"https:\/\/www.coopmargen.ar\/wp\/index.php?rest_route=%2Fwp%2Fv2%2Fcomments&post=5082"}],"version-history":[{"count":2,"href":"https:\/\/www.coopmargen.ar\/wp\/index.php?rest_route=\/wp\/v2\/posts\/5082\/revisions"}],"predecessor-version":[{"id":5084,"href":"https:\/\/www.coopmargen.ar\/wp\/index.php?rest_route=\/wp\/v2\/posts\/5082\/revisions\/5084"}],"wp:attachment":[{"href":"https:\/\/www.coopmargen.ar\/wp\/index.php?rest_route=%2Fwp%2Fv2%2Fmedia&parent=5082"}],"wp:term":[{"taxonomy":"category","embeddable":true,"href":"https:\/\/www.coopmargen.ar\/wp\/index.php?rest_route=%2Fwp%2Fv2%2Fcategories&post=5082"},{"taxonomy":"post_tag","embeddable":true,"href":"https:\/\/www.coopmargen.ar\/wp\/index.php?rest_route=%2Fwp%2Fv2%2Ftags&post=5082"}],"curies":[{"name":"wp","href":"https:\/\/api.w.org\/{rel}","templated":true}]}}